{"id":1304,"date":"2018-12-19T08:05:14","date_gmt":"2018-12-19T08:05:14","guid":{"rendered":"http:\/\/www.gadoros.hu\/?post_type=blog_post&#038;p=1304"},"modified":"2018-12-19T12:56:15","modified_gmt":"2018-12-19T12:56:15","slug":"1304","status":"publish","type":"blog_post","link":"http:\/\/gadoros.hu\/?blog_post=1304","title":{"rendered":""},"content":{"rendered":"\n<p><strong>G\u00e1doros Nagyk\u00f6zs\u00e9g Polg\u00e1rmestere<\/strong><br><strong>5932 G\u00e1doros, Kossuth u. 16.<\/strong><br><strong>Telefon: 68\/490-001<\/strong><\/p>\n\n\n\n<p style=\"text-align:center\"><strong>M E G H \u00cd V \u00d3<\/strong><br><br>G\u00e1doros Nagyk\u00f6zs\u00e9gi \u00d6nkorm\u00e1nyzat<br>K\u00e9pvisel\u0151-test\u00fclete rendk\u00edv\u00fcli \u00fcl\u00e9s\u00e9t<br> <\/p>\n\n\n\n<p style=\"text-align:center\"><strong>2018. december 18-\u00e1n (kedd) 14 \u00f3rai<\/strong><\/p>\n\n\n\n<p style=\"text-align:center\">kezdettel tartja a K\u00f6zs\u00e9gh\u00e1za tan\u00e1cskoz\u00f3 term\u00e9ben, melyre tisztelettel<br><strong>megh\u00edvom.<\/strong><\/p>\n\n\n\n<!--more-->\n\n\n\n<p><strong>Nyilv\u00e1nos \u00fcl\u00e9s keret\u00e9ben:<\/strong><br>1.) Telep\u00fcl\u00e9sk\u00e9pi Arculati K\u00e9zik\u00f6nyv \u00e9s Telep\u00fcl\u00e9sk\u00e9pi rendelet elfogad\u00e1sa<br>El\u0151ad\u00f3: Maronka Lajos polg\u00e1rmester<\/p>\n\n\n\n<p>2.) Vagyonrendelet m\u00f3dos\u00edt\u00e1s<br>El\u0151ad\u00f3: Maronka Lajos polg\u00e1rmester<\/p>\n\n\n\n<p>3.) 2018. \u00e9vi 2. k\u00f6lts\u00e9gvet\u00e9si rendelet m\u00f3dos\u00edt\u00e1sa<br>El\u0151ad\u00f3: Maronka Lajos polg\u00e1rmester<\/p>\n\n\n\n<p>4.)&nbsp;<strong>a.) <\/strong>B\u00f6lcs\u0151de p\u00e1ly\u00e1zat. Megval\u00f3s\u00edt\u00e1s \u00e9s finansz\u00edroz\u00e1s tervezett id\u0151beni \u00fctemez\u00e9se (helyben ker\u00fcl kioszt\u00e1sra) <strong>b.)&nbsp;<\/strong>Energetikai besorol\u00e1shoz sz\u00fcks\u00e9ges megval\u00f3s\u00edt\u00e1s (helyben ker\u00fcl kioszt\u00e1sra)<br>El\u0151ad\u00f3: Maronka Lajos polg\u00e1rmester<\/p>\n\n\n\n<p>5.) Szov\u00e1tai nyaral\u00f3val kapcsolatos t\u00e1j\u00e9koztat\u00e1s<br>El\u0151ad\u00f3: Maronka Lajos polg\u00e1rmester<\/p>\n\n\n\n<p>6.) Prog\u00e1dor Kft. k\u00f6zszolg\u00e1ltat\u00e1si szerz\u0151d\u00e9s elfogad\u00e1sa 2019. \u00e9vre<br>El\u0151ad\u00f3: Maronka Lajos polg\u00e1rmester<\/p>\n\n\n\n<p>7.) 2019.\u00e9vi START munkaprogramok tervez\u00e9se<br>El\u0151ad\u00f3: Maronka Lajos polg\u00e1rmester<\/p>\n\n\n\n<p>8.) Piac gazdas\u00e1gfejleszt\u00e9se G\u00e1doroson<br>El\u0151ad\u00f3: Maronka Lajos polg\u00e1rmester<\/p>\n\n\n\n<p>9.) K\u00f6zbeszerz\u00e9si Hat\u00f3s\u00e1g T-03320\/03\/2018 iktat\u00f3sz\u00e1m\u00fa elj\u00e1r\u00e1s vonatkoz\u00e1s\u00e1ban<br>El\u0151ad\u00f3: Maronka Lajos polg\u00e1rmester<\/p>\n\n\n\n<p>10.) K\u00fclter\u00fcleti utak p\u00e1ly\u00e1zattal kapcsolatban<br>El\u0151ad\u00f3: Maronka Lajos polg\u00e1rmester<\/p>\n\n\n\n<p>11.) Belv\u00edzv\u00e9delmi terv vonatkoz\u00e1s\u00e1ban<br>El\u0151ad\u00f3: Maronka Lajos polg\u00e1rmester<\/p>\n\n\n\n<p>12.) G\u00e1dorosi Polg\u00e1rmesteri Hivatal informatikai rendszer\u00e9nek \u00fczemeltet\u00e9s\u00e9r\u0151l<br>El\u0151ad\u00f3: Maronka Lajos polg\u00e1rmester<\/p>\n\n\n\n<p>13.) Bejelent\u00e9sek<\/p>\n\n\n\n<p>1.) T\u00e1j\u00e9koztat\u00e1sa belter\u00fcleti utak p\u00e1ly\u00e1zat t\u00e1rgy\u00e1ban<br>El\u0151ad\u00f3: Maronka Lajos polg\u00e1rmester<\/p>\n\n\n\n<p>2.) Prog\u00e1dor Kft. int\u00e9zked\u00e9si terv\u00e9vel kapcsolatban <br>El\u0151ad\u00f3: Maronka Lajos polg\u00e1rmester<\/p>\n\n\n\n<p>3.) Prog\u00e1dor Kft. irod\u00e1j\u00e1ba t\u00f6rt\u00e9n\u0151 bet\u00f6r\u00e9sr\u0151l t\u00e1j\u00e9koztat\u00e1s<br>El\u0151ad\u00f3: Maronka Lajos polg\u00e1rmester<\/p>\n\n\n\n<p><strong>Valamennyi napirendi ponthoz megh\u00edvottak:<\/strong><br>Maronka Lajos polg\u00e1rmester, Dr. Kishonti Andr\u00e1s alpolg\u00e1rmester, Bencsik S\u00e1ndorn\u00e9, Cseresny\u00e9s K\u00e1rolyn\u00e9, F\u00e1bri Istv\u00e1n, Palai J\u00f3zsef \u00e9s Varga Zsolt telep\u00fcl\u00e9si k\u00e9pvisel\u0151k.<\/p>\n\n\n\n<p>B\u00e9k\u00e9s Megyei Korm\u00e1nyhivatal, Korm\u00e1nymegb\u00edzott<br><\/p>\n\n\n\n<p>Dr. Olasz Imr\u00e9n\u00e9 dr. jegyz\u0151<br>T\u00f3th Tibor igazgat\u00e1si csoportvezet\u0151<br>Libor Zsoltn\u00e9 p\u00e9nz\u00fcgyi csoportvezet\u0151<br><\/p>\n\n\n\n<p>Prozlik M\u00e1rta Napk\u00f6zi Otthonos \u00d3voda int\u00e9zm\u00e9nyvezet\u0151<br>Sebesty\u00e9n L\u00e1szl\u00f3n\u00e9 Justh Zsigmond M\u0171vel\u0151d\u00e9si H\u00e1z \u00e9s K\u00f6nyvt\u00e1r int\u00e9zm\u00e9nyvezet\u0151<br>B\u00e1nyikn\u00e9 R\u00e1cz T\u00fcnde Gondoz\u00e1si K\u00f6zpont int\u00e9zm\u00e9nyvezet\u0151<br>Farkas L\u00e1szl\u00f3 Prog\u00e1dor Kft. \u00fcgyvezet\u0151 igazgat\u00f3<\/p>\n\n\n\n<p>Farkas Zita Roma Nemzetis\u00e9gi\n\u00d6nkorm\u00e1nyzat eln\u00f6k<\/p>\n\n\n\n<p>Csaba M\u00e1rton OPTIMUNKA Bt. \u00fczletvezet\u0151je<\/p>\n\n\n\n<p>G\u00e1doros, 2018. december 14.<\/p>\n\n\n\n<p style=\"text-align:right\">Maronka Lajos s. k.<br>polg\u00e1rmester<br><\/p>\n","protected":false},"excerpt":{"rendered":"<p>G\u00e1doros Nagyk\u00f6zs\u00e9g Polg\u00e1rmestere5932 G\u00e1doros, Kossuth u. 16.Telefon: 68\/490-001 M E G H \u00cd V \u00d3 G\u00e1doros Nagyk\u00f6zs\u00e9gi \u00d6nkorm\u00e1nyzatK\u00e9pvisel\u0151-test\u00fclete rendk\u00edv\u00fcli \u00fcl\u00e9s\u00e9t 2018. december 18-\u00e1n (kedd) 14 \u00f3rai kezdettel tartja a K\u00f6zs\u00e9gh\u00e1za tan\u00e1cskoz\u00f3 term\u00e9ben, melyre tisztelettelmegh\u00edvom.<\/p>\n","protected":false},"author":0,"featured_media":0,"comment_status":"closed","ping_status":"closed","template":"","tags":[],"blog-category":[28],"_links":{"self":[{"href":"http:\/\/gadoros.hu\/index.php?rest_route=\/wp\/v2\/blog_post\/1304"}],"collection":[{"href":"http:\/\/gadoros.hu\/index.php?rest_route=\/wp\/v2\/blog_post"}],"about":[{"href":"http:\/\/gadoros.hu\/index.php?rest_route=\/wp\/v2\/types\/blog_post"}],"replies":[{"embeddable":true,"href":"http:\/\/gadoros.hu\/index.php?rest_route=%2Fwp%2Fv2%2Fcomments&post=1304"}],"wp:attachment":[{"href":"http:\/\/gadoros.hu\/index.php?rest_route=%2Fwp%2Fv2%2Fmedia&parent=1304"}],"wp:term":[{"taxonomy":"post_tag","embeddable":true,"href":"http:\/\/gadoros.hu\/index.php?rest_route=%2Fwp%2Fv2%2Ftags&post=1304"},{"taxonomy":"blog-category","embeddable":true,"href":"http:\/\/gadoros.hu\/index.php?rest_route=%2Fwp%2Fv2%2Fblog-category&post=1304"}],"curies":[{"name":"wp","href":"https:\/\/api.w.org\/{rel}","templated":true}]}}