{"id":1302,"date":"2018-12-19T07:24:28","date_gmt":"2018-12-19T07:24:28","guid":{"rendered":"http:\/\/www.gadoros.hu\/?post_type=blog_post&#038;p=1302"},"modified":"2018-12-19T12:57:50","modified_gmt":"2018-12-19T12:57:50","slug":"1302","status":"publish","type":"blog_post","link":"http:\/\/gadoros.hu\/?blog_post=1302","title":{"rendered":""},"content":{"rendered":"\n<p><strong>G\u00e1doros Nagyk\u00f6zs\u00e9gi \u00d6nkorm\u00e1nyzat<\/strong><br><strong>K\u00e9pvisel\u0151-test\u00fclet\u00e9nek P\u00e9nz\u00fcgyi \u00e9s Gazdas\u00e1gi Bizotts\u00e1ga<\/strong><br><strong>5932 G\u00e1doros, Kossuth u. 16.<\/strong><br><strong>Telefon: 68\/490-001<\/strong><br><\/p>\n\n\n\n<p style=\"text-align:center\"><strong>M E G H \u00cd V \u00d3<\/strong><\/p>\n\n\n\n<p style=\"text-align:center\">G\u00e1doros Nagyk\u00f6zs\u00e9gi \u00d6nkorm\u00e1nyzat K\u00e9pvisel\u0151-test\u00fclet\u00e9nek<br>P\u00e9nz\u00fcgyi \u00e9s Gazdas\u00e1gi Bizotts\u00e1ga k\u00f6vetkez\u0151 \u00fcl\u00e9s\u00e9t<br><\/p>\n\n\n\n<p style=\"text-align:center\"><strong>2018. december 18-\u00e1n (kedd) 13:30 <sup>&nbsp;<\/sup>\u00f3rai kezdettel<\/strong><\/p>\n\n\n\n<p style=\"text-align:center\">tartja a K\u00f6zs\u00e9gh\u00e1za tan\u00e1cskoz\u00f3 term\u00e9ben, melyre tisztelettel <br><strong>megh\u00edvom.<\/strong><\/p>\n\n\n\n<!--more-->\n\n\n\n<p><strong>Nyilv\u00e1nos \u00fcl\u00e9s\nkeret\u00e9ben:<\/strong><\/p>\n\n\n\n<ol><li>Telep\u00fcl\u00e9sk\u00e9pi Arculati K\u00e9zik\u00f6nyv \u00e9s Telep\u00fcl\u00e9sk\u00e9pi rendelet elfogad\u00e1sa<\/li><li>Vagyonrendelet m\u00f3dos\u00edt\u00e1s<\/li><li>2018.\u00e9vi 2. k\u00f6lts\u00e9gvet\u00e9si rendelet m\u00f3dos\u00edt\u00e1sa <\/li><li><strong>a.) <\/strong>B\u00f6lcs\u0151de p\u00e1ly\u00e1zat. Megval\u00f3s\u00edt\u00e1s \u00e9s finansz\u00edroz\u00e1stervezett id\u0151beni \u00fctemez\u00e9se (helyben ker\u00fcl kioszt\u00e1sra)<strong> b.)<\/strong> Energetikai besorol\u00e1shoz sz\u00fcks\u00e9ges megval\u00f3s\u00edt\u00e1s (helyben ker\u00fcl kioszt\u00e1sra)<\/li><li>Szov\u00e1tai nyaral\u00f3val kapcsolatos t\u00e1j\u00e9koztat\u00e1s<\/li><li>Prog\u00e1dor Kft. k\u00f6zszolg\u00e1ltat\u00e1si szerz\u0151d\u00e9s elfogad\u00e1sa 2019. \u00e9vre<\/li><li>2019.\u00e9vi START munkaprogramok tervez\u00e9se<\/li><li>Piac gazdas\u00e1gfejleszt\u00e9se G\u00e1doroson<\/li><li>K\u00f6zbeszerz\u00e9si Hat\u00f3s\u00e1g T-03320\/03\/2018 iktat\u00f3sz\u00e1m\u00fa elj\u00e1r\u00e1s vonatkoz\u00e1s\u00e1ban<\/li><li>Belv\u00edzv\u00e9delmi terv vonatkoz\u00e1s\u00e1ban<\/li><li>G\u00e1dorosi Polg\u00e1rmesteri Hivatal informatikai rendszer\u00e9nek \u00fczemeltet\u00e9s\u00e9r\u0151l<\/li><li>Bejelent\u00e9sek<\/li><\/ol>\n\n\n\n<p><strong>A napirendi pontokhoz megh\u00edvva:<\/strong><br>Cseresny\u00e9s K\u00e1rolyn\u00e9 eln\u00f6k, F\u00e1bri Istv\u00e1n, Varga Zsolt, Koll\u00e1r Szilvia \u00e9s Palai J\u00f3zsef bizotts\u00e1gi tagok, Maronka Lajos polg\u00e1rmester, Dr. Kishonti Andr\u00e1s alpolg\u00e1rmester, Bencsik S\u00e1ndorn\u00e9 telep\u00fcl\u00e9si k\u00e9pvisel\u0151, Dr. Olasz Imr\u00e9n\u00e9 dr. jegyz\u0151, T\u00f3th Tibor igazgat\u00e1si csoportvezet\u0151, Libor Zsoltn\u00e9 p\u00e9nz\u00fcgyi csoportvezet\u0151<br>1. napirendhez megh\u00edvva: Csaba M\u00e1rton OPTIMUNKA Bt. \u00fczletvezet\u0151je<br><\/p>\n\n\n\n<p>G\u00e1doros, 2018. december 14.<\/p>\n\n\n\n<p style=\"text-align:right\">Cseresny\u00e9s K\u00e1rolyn\u00e9 s. k.<br>P\u00e9nz\u00fcgyi \u00e9s Gazdas\u00e1gi Bizotts\u00e1g eln\u00f6ke<br><\/p>\n","protected":false},"excerpt":{"rendered":"<p>G\u00e1doros Nagyk\u00f6zs\u00e9gi \u00d6nkorm\u00e1nyzatK\u00e9pvisel\u0151-test\u00fclet\u00e9nek P\u00e9nz\u00fcgyi \u00e9s Gazdas\u00e1gi Bizotts\u00e1ga5932 G\u00e1doros, Kossuth u. 16.Telefon: 68\/490-001 M E G H \u00cd V \u00d3 G\u00e1doros Nagyk\u00f6zs\u00e9gi \u00d6nkorm\u00e1nyzat K\u00e9pvisel\u0151-test\u00fclet\u00e9nekP\u00e9nz\u00fcgyi \u00e9s Gazdas\u00e1gi Bizotts\u00e1ga k\u00f6vetkez\u0151 \u00fcl\u00e9s\u00e9t 2018. december 18-\u00e1n (kedd) 13:30 &nbsp;\u00f3rai kezdettel tartja a K\u00f6zs\u00e9gh\u00e1za tan\u00e1cskoz\u00f3 term\u00e9ben, melyre tisztelettel megh\u00edvom.<\/p>\n","protected":false},"author":0,"featured_media":0,"comment_status":"closed","ping_status":"closed","template":"","tags":[],"blog-category":[28],"_links":{"self":[{"href":"http:\/\/gadoros.hu\/index.php?rest_route=\/wp\/v2\/blog_post\/1302"}],"collection":[{"href":"http:\/\/gadoros.hu\/index.php?rest_route=\/wp\/v2\/blog_post"}],"about":[{"href":"http:\/\/gadoros.hu\/index.php?rest_route=\/wp\/v2\/types\/blog_post"}],"replies":[{"embeddable":true,"href":"http:\/\/gadoros.hu\/index.php?rest_route=%2Fwp%2Fv2%2Fcomments&post=1302"}],"wp:attachment":[{"href":"http:\/\/gadoros.hu\/index.php?rest_route=%2Fwp%2Fv2%2Fmedia&parent=1302"}],"wp:term":[{"taxonomy":"post_tag","embeddable":true,"href":"http:\/\/gadoros.hu\/index.php?rest_route=%2Fwp%2Fv2%2Ftags&post=1302"},{"taxonomy":"blog-category","embeddable":true,"href":"http:\/\/gadoros.hu\/index.php?rest_route=%2Fwp%2Fv2%2Fblog-category&post=1302"}],"curies":[{"name":"wp","href":"https:\/\/api.w.org\/{rel}","templated":true}]}}