{"id":1270,"date":"2018-11-26T08:18:18","date_gmt":"2018-11-26T08:18:18","guid":{"rendered":"http:\/\/www.gadoros.hu\/?post_type=blog_post&#038;p=1270"},"modified":"2018-11-26T08:32:27","modified_gmt":"2018-11-26T08:32:27","slug":"1270","status":"publish","type":"blog_post","link":"http:\/\/gadoros.hu\/?blog_post=1270","title":{"rendered":""},"content":{"rendered":"<p><strong>G\u00e1doros Nagyk\u00f6zs\u00e9g \u00d6nkorm\u00e1nyzata<br \/>\nK\u00e9pvisel\u0151-test\u00fclet\u00e9nek<br \/>\nSzoci\u00e1lis, Ifj\u00fas\u00e1gv\u00e9delmi \u00e9s Oktat\u00e1si Bizotts\u00e1ga<br \/>\n<u>5932 G\u00e1doros, Kossuth u. 16.<\/u><\/strong><\/p>\n<p style=\"text-align: center;\"><strong><u>M E G H \u00cd V \u00d3<\/u><\/strong><\/p>\n<p style=\"text-align: center;\">A Szoci\u00e1lis, Ifj\u00fas\u00e1gv\u00e9delmi \u00e9s Oktat\u00e1si Bizotts\u00e1g \u00fcl\u00e9s\u00e9t<\/p>\n<p style=\"text-align: center;\"><strong><u>2018. november 27-\u00e9n (kedd) 11 \u00f3r\u00e1t\u00f3l tartja<\/u><\/strong><\/p>\n<p style=\"text-align: center;\">a K\u00f6zs\u00e9gh\u00e1za tan\u00e1cskoz\u00f3 term\u00e9ben,<br \/>\nmely \u00fcl\u00e9sre tisztelettel <strong>megh\u00edvom.<\/strong><\/p>\n<p style=\"text-align: center;\"><!--more--><\/p>\n<p><strong><u>Nyilv\u00e1nos \u00fcl\u00e9s keret\u00e9ben:<\/u><\/strong><\/p>\n<p>1.) Vagyonrendelet-m\u00f3dos\u00edt\u00e1sa<br \/>\n\u00c1SZ ellen\u0151rz\u00e9ssel kapcsolatos int\u00e9zked\u00e9si terv v\u00e9grehajt\u00e1sa<br \/>\nEl\u0151ad\u00f3: Maronka Lajos polg\u00e1rmester<\/p>\n<p>2.) Telep\u00fcl\u00e9sk\u00e9pi Arculati K\u00e9zik\u00f6nyv \u00e9s Telep\u00fcl\u00e9sk\u00e9pi rendelet elfogad\u00e1s\u00e1r\u00f3l<br \/>\nEl\u0151ad\u00f3: Maronka Lajos polg\u00e1rmester<\/p>\n<p>3.) 2018. \u00e9vi k\u00f6lts\u00e9gvet\u00e9s bev\u00e9teli oldal\u00e1t megalapoz\u00f3 d\u00f6nt\u00e9sekre javaslat<br \/>\nEl\u0151ad\u00f3: Maronka Lajos polg\u00e1rmester<\/p>\n<p>4.) Piac gazdas\u00e1g fejleszt\u00e9se G\u00e1doroson<br \/>\nEl\u0151ad\u00f3: Maronka Lajos polg\u00e1rmester<\/p>\n<p>5.) B\u00f6lcs\u0151dei p\u00e1ly\u00e1zattal kapcsolatban (A k\u00f6lts\u00e9gvet\u00e9s meg\u00e9rkez\u00e9se ut\u00e1n az el\u0151terjeszt\u00e9s \u00fajra kik\u00fcld\u00e9se ker\u00fcl.)<br \/>\nEl\u0151ad\u00f3: Maronka Lajos polg\u00e1rmester<\/p>\n<p>6.) \u00d3voda eszk\u00f6zbeszerz\u00e9s t\u00e1rgy\u00e1ban<br \/>\nEl\u0151ad\u00f3: Maronka Lajos polg\u00e1rmester<\/p>\n<p>7.) Kar\u00e1csonyi aj\u00e1nd\u00e9koz\u00e1s<br \/>\nEl\u0151ad\u00f3: Maronka Lajos polg\u00e1rmester<\/p>\n<p>8.) 2019. \u00e9vi munkaprogram \u00f6ssze\u00e1ll\u00edt\u00e1sa<br \/>\nEl\u0151ad\u00f3: Maronka Lajos polg\u00e1rmester<\/p>\n<p>9.) Polg\u00e1rmester, bizotts\u00e1gok munk\u00e1j\u00e1r\u00f3l, \u00e9s az \u00e1truh\u00e1zott hat\u00e1sk\u00f6rben hozott int\u00e9zked\u00e9seir\u0151l besz\u00e1mol\u00f3<br \/>\nEl\u0151ad\u00f3: polg\u00e1rmester, bizotts\u00e1gok eln\u00f6kei<\/p>\n<p>10.) Kov\u00e1cs Tervez\u0151 \u00e9s Kivitelez\u0151 Iroda r\u00e9sz\u00e9re tulajdonosi hozz\u00e1j\u00e1rul\u00e1s a G\u00e1dorosi Kisboldogasszony Katolikus \u00c1ltal\u00e1nos Iskola magastet\u0151 r\u00e1\u00e9p\u00edt\u00e9s\u00e9hez<br \/>\nEl\u0151ad\u00f3: Maronka Lajos polg\u00e1rmester<\/p>\n<p>11.) Helyi Es\u00e9lyegyenl\u0151s\u00e9gi Program fel\u00fclvizsg\u00e1lata<br \/>\nEl\u0151ad\u00f3: Maronka Lajos polg\u00e1rmester<\/p>\n<p>12.) Telep\u00fcl\u00e9si \u00c9rt\u00e9kt\u00e1r Bizotts\u00e1g megalak\u00edt\u00e1sa<br \/>\nEl\u0151ad\u00f3: Maronka Lajos polg\u00e1rmester<\/p>\n<p>13.) Mosolyg\u00f3 K\u00f3rh\u00e1z Alap\u00edtv\u00e1ny t\u00e1mogat\u00e1si k\u00e9relme<br \/>\nEl\u0151ad\u00f3: Maronka Lajos polg\u00e1rmester<\/p>\n<p>14.) Bejelent\u00e9sek<\/p>\n<p><strong>A napirendi ponthoz megh\u00edvva:<\/strong><\/p>\n<p>F\u00e1bri Istv\u00e1n eln\u00f6k, Bencsik S\u00e1ndorn\u00e9 \u00e9s J\u00e1mborcsik L\u00e1szl\u00f3 bizotts\u00e1gi tagok, Maronka Lajos polg\u00e1rmester, Dr. Kishonti Andr\u00e1s alpolg\u00e1rmester, Cseresny\u00e9s K\u00e1rolyn\u00e9, Palai J\u00f3zsef \u00e9s Varga Zsolt telep\u00fcl\u00e9si k\u00e9pvisel\u0151k, Dr. Olasz Imr\u00e9n\u00e9 dr. jegyz\u0151.<\/p>\n<p style=\"text-align: left;\">G\u00e1doros, 2018. november 19.<\/p>\n<p style=\"text-align: right;\">F\u00e1bri Istv\u00e1n s. k.<br \/>\nBizotts\u00e1g Eln\u00f6ke<\/p>\n","protected":false},"excerpt":{"rendered":"<p>G\u00e1doros Nagyk\u00f6zs\u00e9g \u00d6nkorm\u00e1nyzata K\u00e9pvisel\u0151-test\u00fclet\u00e9nek Szoci\u00e1lis, Ifj\u00fas\u00e1gv\u00e9delmi \u00e9s Oktat\u00e1si Bizotts\u00e1ga 5932 G\u00e1doros, Kossuth u. 16. M E G H \u00cd V \u00d3 A Szoci\u00e1lis, Ifj\u00fas\u00e1gv\u00e9delmi \u00e9s Oktat\u00e1si Bizotts\u00e1g \u00fcl\u00e9s\u00e9t 2018. november 27-\u00e9n (kedd) 11 \u00f3r\u00e1t\u00f3l tartja a K\u00f6zs\u00e9gh\u00e1za tan\u00e1cskoz\u00f3 term\u00e9ben, mely \u00fcl\u00e9sre tisztelettel megh\u00edvom.<\/p>\n","protected":false},"author":3,"featured_media":0,"comment_status":"closed","ping_status":"closed","template":"","tags":[],"blog-category":[28],"_links":{"self":[{"href":"http:\/\/gadoros.hu\/index.php?rest_route=\/wp\/v2\/blog_post\/1270"}],"collection":[{"href":"http:\/\/gadoros.hu\/index.php?rest_route=\/wp\/v2\/blog_post"}],"about":[{"href":"http:\/\/gadoros.hu\/index.php?rest_route=\/wp\/v2\/types\/blog_post"}],"author":[{"embeddable":true,"href":"http:\/\/gadoros.hu\/index.php?rest_route=\/wp\/v2\/users\/3"}],"replies":[{"embeddable":true,"href":"http:\/\/gadoros.hu\/index.php?rest_route=%2Fwp%2Fv2%2Fcomments&post=1270"}],"wp:attachment":[{"href":"http:\/\/gadoros.hu\/index.php?rest_route=%2Fwp%2Fv2%2Fmedia&parent=1270"}],"wp:term":[{"taxonomy":"post_tag","embeddable":true,"href":"http:\/\/gadoros.hu\/index.php?rest_route=%2Fwp%2Fv2%2Ftags&post=1270"},{"taxonomy":"blog-category","embeddable":true,"href":"http:\/\/gadoros.hu\/index.php?rest_route=%2Fwp%2Fv2%2Fblog-category&post=1270"}],"curies":[{"name":"wp","href":"https:\/\/api.w.org\/{rel}","templated":true}]}}