{"id":1268,"date":"2018-11-21T14:13:37","date_gmt":"2018-11-21T14:13:37","guid":{"rendered":"http:\/\/www.gadoros.hu\/?post_type=blog_post&#038;p=1268"},"modified":"2018-11-21T14:13:37","modified_gmt":"2018-11-21T14:13:37","slug":"1268","status":"publish","type":"blog_post","link":"http:\/\/gadoros.hu\/?blog_post=1268","title":{"rendered":""},"content":{"rendered":"<p style=\"text-align: center;\"><strong>FELH\u00cdV\u00c1S<\/strong><\/p>\n<p style=\"text-align: center;\">T\u00e1j\u00e9koztatjuk a Tisztelt Sz\u00fcl\u0151ket,<br \/>\nhogy a gyermekv\u00e9delmi kedvezm\u00e9ny kifizet\u00e9s\u00e9re<br \/>\n&#8211; <strong>ERZS\u00c9BET UTALV\u00c1NY form\u00e1j\u00e1ban-<br \/>\n<\/strong><strong style=\"font-size: 1rem;\"><u>2018. november 26-\u00e1n (h\u00e9tf\u0151n)<\/u><\/strong><span style=\"font-size: 1rem;\"> ker\u00fcl sor<br \/>\n<\/span>a Polg\u00e1rmesteri Hivatal p\u00e9nzt\u00e1r\u00e1ban<br \/>\n8<sup>00<\/sup>-12<sup>00<\/sup> \u00f3r\u00e1ig \u00e9s 13<sup>00<\/sup>-16<sup>00<\/sup> \u00f3r\u00e1ig.<\/p>\n<p style=\"text-align: center;\">Erzs\u00e9bet utalv\u00e1nyra <strong>az a gyermek jogosult<\/strong>, akinek gyermekv\u00e9delmi kedvezm\u00e9nyre val\u00f3 jogosults\u00e1ga <strong>november<\/strong> <strong>1-j\u00e9n<\/strong> fenn\u00e1llt.<\/p>\n<p style=\"text-align: center;\">Az utalv\u00e1nyok meghatalmaz\u00e1ssal is \u00e1tvehet\u0151k. Meghatalmaz\u00e1s k\u00e9rhet\u0151 a Polg\u00e1rmesteri Hivatal inform\u00e1ci\u00f3s pultj\u00e1n\u00e1l.<\/p>\n<p style=\"text-align: right;\">Polg\u00e1rmesteri Hivatal<\/p>\n","protected":false},"excerpt":{"rendered":"<p>FELH\u00cdV\u00c1S T\u00e1j\u00e9koztatjuk a Tisztelt Sz\u00fcl\u0151ket, hogy a gyermekv\u00e9delmi kedvezm\u00e9ny kifizet\u00e9s\u00e9re &#8211; ERZS\u00c9BET UTALV\u00c1NY form\u00e1j\u00e1ban- 2018. november 26-\u00e1n (h\u00e9tf\u0151n) ker\u00fcl sor a Polg\u00e1rmesteri Hivatal p\u00e9nzt\u00e1r\u00e1ban 800-1200 \u00f3r\u00e1ig \u00e9s 1300-1600 \u00f3r\u00e1ig. Erzs\u00e9bet utalv\u00e1nyra az a gyermek jogosult, akinek gyermekv\u00e9delmi kedvezm\u00e9nyre val\u00f3 jogosults\u00e1ga november 1-j\u00e9n fenn\u00e1llt. Az utalv\u00e1nyok meghatalmaz\u00e1ssal is \u00e1tvehet\u0151k. Meghatalmaz\u00e1s k\u00e9rhet\u0151 a Polg\u00e1rmesteri Hivatal inform\u00e1ci\u00f3s pultj\u00e1n\u00e1l. [&hellip;]<\/p>\n","protected":false},"author":1,"featured_media":0,"comment_status":"closed","ping_status":"closed","template":"","tags":[],"blog-category":[28],"_links":{"self":[{"href":"http:\/\/gadoros.hu\/index.php?rest_route=\/wp\/v2\/blog_post\/1268"}],"collection":[{"href":"http:\/\/gadoros.hu\/index.php?rest_route=\/wp\/v2\/blog_post"}],"about":[{"href":"http:\/\/gadoros.hu\/index.php?rest_route=\/wp\/v2\/types\/blog_post"}],"author":[{"embeddable":true,"href":"http:\/\/gadoros.hu\/index.php?rest_route=\/wp\/v2\/users\/1"}],"replies":[{"embeddable":true,"href":"http:\/\/gadoros.hu\/index.php?rest_route=%2Fwp%2Fv2%2Fcomments&post=1268"}],"wp:attachment":[{"href":"http:\/\/gadoros.hu\/index.php?rest_route=%2Fwp%2Fv2%2Fmedia&parent=1268"}],"wp:term":[{"taxonomy":"post_tag","embeddable":true,"href":"http:\/\/gadoros.hu\/index.php?rest_route=%2Fwp%2Fv2%2Ftags&post=1268"},{"taxonomy":"blog-category","embeddable":true,"href":"http:\/\/gadoros.hu\/index.php?rest_route=%2Fwp%2Fv2%2Fblog-category&post=1268"}],"curies":[{"name":"wp","href":"https:\/\/api.w.org\/{rel}","templated":true}]}}