{"id":1258,"date":"2018-11-08T12:20:50","date_gmt":"2018-11-08T12:20:50","guid":{"rendered":"http:\/\/www.gadoros.hu\/?post_type=blog_post&#038;p=1258"},"modified":"2018-11-08T12:21:57","modified_gmt":"2018-11-08T12:21:57","slug":"1258","status":"publish","type":"blog_post","link":"http:\/\/gadoros.hu\/?blog_post=1258","title":{"rendered":""},"content":{"rendered":"<p style=\"text-align: center;\"><strong>T\u00e1j\u00e9koztat\u00e1s<\/strong><\/p>\n<p style=\"text-align: left;\">Az Emberi Er\u0151forr\u00e1sok Miniszt\u00e9rium\u00e1nak d\u00f6nt\u00e9se \u00e9rtelm\u00e9ben a Bursa Hungarica Fels\u0151oktat\u00e1si \u00d6nkorm\u00e1nyzati \u00d6szt\u00f6nd\u00edjp\u00e1ly\u00e1zat 2019. \u00e9vi fordul\u00f3j\u00e1ban a p\u00e1ly\u00e1zati bead\u00e1si hat\u00e1rid\u0151 \u00e9s az \u00f6nkorm\u00e1nyzati d\u00f6nt\u00e9si hat\u00e1rid\u0151 is meghosszabb\u00edt\u00e1sra ker\u00fclt.<\/p>\n<p style=\"text-align: left;\"><strong><u>\u00daj hat\u00e1rid\u0151k<\/u><\/strong><\/p>\n<p style=\"text-align: left;\"><u><\/u>A p\u00e1ly\u00e1zatok beny\u00fajt\u00e1s\u00e1nak m\u00f3dos\u00edtott hat\u00e1rideje:<br \/>\n<strong>2018. november 13.<\/strong><\/p>\n<p style=\"text-align: left;\">A telep\u00fcl\u00e9si \u00f6nkorm\u00e1nyzati d\u00f6nt\u00e9s m\u00f3dos\u00edtott hat\u00e1rideje:<br \/>\n<strong>2018. december 13.<\/strong><\/p>\n<p style=\"text-align: left;\">A d\u00f6nt\u00e9si list\u00e1k bek\u00fcld\u00e9si hat\u00e1rideje az Emberi Er\u0151forr\u00e1s T\u00e1mogat\u00e1skezel\u0151 r\u00e9sz\u00e9re:<br \/>\n<strong>2018. december 14.<\/strong><\/p>\n<p style=\"text-align: left;\">A m\u00f3dos\u00edtott p\u00e1ly\u00e1zati dokumentumok az al\u00e1bbi linken el\u00e9rhet\u0151ek:<br \/>\n<u><a href=\"http:\/\/www.emet.gov.hu\/\">www.emet.gov.hu<\/a><\/u><\/p>\n<p style=\"text-align: left;\"><u>Bursa Hungarica \u00fcgyf\u00e9lszolg\u00e1lat el\u00e9rhet\u0151s\u00e9gei:<br \/>\n<\/u>Telefon: +36 1\u00a0795 5600<br \/>\nEmail: <u><a href=\"mailto:bursa@emet.gov.hu\">bursa@emet.gov.hu<\/a><\/u><\/p>\n<p style=\"text-align: right;\">\u00d6nkorm\u00e1nyzat<\/p>\n","protected":false},"excerpt":{"rendered":"<p>T\u00e1j\u00e9koztat\u00e1s Az Emberi Er\u0151forr\u00e1sok Miniszt\u00e9rium\u00e1nak d\u00f6nt\u00e9se \u00e9rtelm\u00e9ben a Bursa Hungarica Fels\u0151oktat\u00e1si \u00d6nkorm\u00e1nyzati \u00d6szt\u00f6nd\u00edjp\u00e1ly\u00e1zat 2019. \u00e9vi fordul\u00f3j\u00e1ban a p\u00e1ly\u00e1zati bead\u00e1si hat\u00e1rid\u0151 \u00e9s az \u00f6nkorm\u00e1nyzati d\u00f6nt\u00e9si hat\u00e1rid\u0151 is meghosszabb\u00edt\u00e1sra ker\u00fclt. \u00daj hat\u00e1rid\u0151k A p\u00e1ly\u00e1zatok beny\u00fajt\u00e1s\u00e1nak m\u00f3dos\u00edtott hat\u00e1rideje: 2018. november 13. A telep\u00fcl\u00e9si \u00f6nkorm\u00e1nyzati d\u00f6nt\u00e9s m\u00f3dos\u00edtott hat\u00e1rideje: 2018. december 13. A d\u00f6nt\u00e9si list\u00e1k bek\u00fcld\u00e9si hat\u00e1rideje az Emberi Er\u0151forr\u00e1s [&hellip;]<\/p>\n","protected":false},"author":1,"featured_media":0,"comment_status":"closed","ping_status":"closed","template":"","tags":[],"blog-category":[28],"_links":{"self":[{"href":"http:\/\/gadoros.hu\/index.php?rest_route=\/wp\/v2\/blog_post\/1258"}],"collection":[{"href":"http:\/\/gadoros.hu\/index.php?rest_route=\/wp\/v2\/blog_post"}],"about":[{"href":"http:\/\/gadoros.hu\/index.php?rest_route=\/wp\/v2\/types\/blog_post"}],"author":[{"embeddable":true,"href":"http:\/\/gadoros.hu\/index.php?rest_route=\/wp\/v2\/users\/1"}],"replies":[{"embeddable":true,"href":"http:\/\/gadoros.hu\/index.php?rest_route=%2Fwp%2Fv2%2Fcomments&post=1258"}],"wp:attachment":[{"href":"http:\/\/gadoros.hu\/index.php?rest_route=%2Fwp%2Fv2%2Fmedia&parent=1258"}],"wp:term":[{"taxonomy":"post_tag","embeddable":true,"href":"http:\/\/gadoros.hu\/index.php?rest_route=%2Fwp%2Fv2%2Ftags&post=1258"},{"taxonomy":"blog-category","embeddable":true,"href":"http:\/\/gadoros.hu\/index.php?rest_route=%2Fwp%2Fv2%2Fblog-category&post=1258"}],"curies":[{"name":"wp","href":"https:\/\/api.w.org\/{rel}","templated":true}]}}