{"id":1249,"date":"2018-10-24T13:03:28","date_gmt":"2018-10-24T13:03:28","guid":{"rendered":"http:\/\/www.gadoros.hu\/?post_type=blog_post&#038;p=1249"},"modified":"2018-10-24T13:03:28","modified_gmt":"2018-10-24T13:03:28","slug":"1249","status":"publish","type":"blog_post","link":"http:\/\/gadoros.hu\/?blog_post=1249","title":{"rendered":""},"content":{"rendered":"<p><strong>G\u00e1doros Nagyk\u00f6zs\u00e9g \u00d6nkorm\u00e1nyzata<br \/>\n<\/strong><strong>K\u00e9pvisel\u0151-test\u00fclet\u00e9nek<br \/>\n<\/strong><strong>Szoci\u00e1lis, Ifj\u00fas\u00e1gv\u00e9delmi \u00e9s Oktat\u00e1si Bizotts\u00e1ga<br \/>\n<\/strong><strong><u>5932 G\u00e1doros, Kossuth u. 16.<\/u><\/strong><\/p>\n<p style=\"text-align: center;\"><strong>M E G H \u00cd V \u00d3<\/strong><\/p>\n<p style=\"text-align: center;\">A Szoci\u00e1lis, Ifj\u00fas\u00e1gv\u00e9delmi \u00e9s Oktat\u00e1si Bizotts\u00e1g \u00fcl\u00e9s\u00e9t<\/p>\n<p style=\"text-align: center;\"><strong><u>2018. okt\u00f3ber 25-\u00e9n (cs\u00fct\u00f6rt\u00f6k) 11 \u00f3r\u00e1t\u00f3l tartja<\/u><\/strong><\/p>\n<p style=\"text-align: center;\">a K\u00f6zs\u00e9gh\u00e1za tan\u00e1cskoz\u00f3 term\u00e9ben,<br \/>\nmely \u00fcl\u00e9sre tisztelettel megh\u00edvom.<!--more--><\/p>\n<p><strong><u>Nyilv\u00e1nos \u00fcl\u00e9s keret\u00e9ben:<\/u><\/strong><\/p>\n<p>1) B\u00f6lcs\u0151dei f\u00e9r\u0151helyek kialak\u00edt\u00e1s\u00e1val kapcsolatban<br \/>\nEl\u0151ad\u00f3: Maronka Lajos polg\u00e1rmester<\/p>\n<p>2) \u00d3voda eszk\u00f6zbeszerz\u00e9s \u00e1raj\u00e1nlat k\u00e9r\u00e9s<br \/>\nEl\u0151ad\u00f3: Maronka Lajos polg\u00e1rmester<\/p>\n<p>3) Bejelent\u00e9sek<\/p>\n<p><strong>A napirendi ponthoz megh\u00edvva:<br \/>\n<\/strong>F\u00e1bri Istv\u00e1n eln\u00f6k, Bencsik S\u00e1ndorn\u00e9 \u00e9s J\u00e1mborcsik L\u00e1szl\u00f3 bizotts\u00e1gi tagok, Maronka Lajos polg\u00e1rmester, Dr. Kishonti Andr\u00e1s alpolg\u00e1rmester, Cseresny\u00e9s K\u00e1rolyn\u00e9, Palai J\u00f3zsef \u00e9s Varga Zsolt telep\u00fcl\u00e9si k\u00e9pvisel\u0151k, Dr. Olasz Imr\u00e9n\u00e9 dr. jegyz\u0151.<\/p>\n<p>G\u00e1doros, 2018. okt\u00f3ber 24.<\/p>\n<p style=\"text-align: right;\">F\u00e1bri Istv\u00e1n s. k.<br \/>\nBizotts\u00e1g Eln\u00f6ke<\/p>\n","protected":false},"excerpt":{"rendered":"<p>G\u00e1doros Nagyk\u00f6zs\u00e9g \u00d6nkorm\u00e1nyzata K\u00e9pvisel\u0151-test\u00fclet\u00e9nek Szoci\u00e1lis, Ifj\u00fas\u00e1gv\u00e9delmi \u00e9s Oktat\u00e1si Bizotts\u00e1ga 5932 G\u00e1doros, Kossuth u. 16. M E G H \u00cd V \u00d3 A Szoci\u00e1lis, Ifj\u00fas\u00e1gv\u00e9delmi \u00e9s Oktat\u00e1si Bizotts\u00e1g \u00fcl\u00e9s\u00e9t 2018. okt\u00f3ber 25-\u00e9n (cs\u00fct\u00f6rt\u00f6k) 11 \u00f3r\u00e1t\u00f3l tartja a K\u00f6zs\u00e9gh\u00e1za tan\u00e1cskoz\u00f3 term\u00e9ben, mely \u00fcl\u00e9sre tisztelettel megh\u00edvom.<\/p>\n","protected":false},"author":1,"featured_media":0,"comment_status":"closed","ping_status":"closed","template":"","tags":[],"blog-category":[28],"_links":{"self":[{"href":"http:\/\/gadoros.hu\/index.php?rest_route=\/wp\/v2\/blog_post\/1249"}],"collection":[{"href":"http:\/\/gadoros.hu\/index.php?rest_route=\/wp\/v2\/blog_post"}],"about":[{"href":"http:\/\/gadoros.hu\/index.php?rest_route=\/wp\/v2\/types\/blog_post"}],"author":[{"embeddable":true,"href":"http:\/\/gadoros.hu\/index.php?rest_route=\/wp\/v2\/users\/1"}],"replies":[{"embeddable":true,"href":"http:\/\/gadoros.hu\/index.php?rest_route=%2Fwp%2Fv2%2Fcomments&post=1249"}],"wp:attachment":[{"href":"http:\/\/gadoros.hu\/index.php?rest_route=%2Fwp%2Fv2%2Fmedia&parent=1249"}],"wp:term":[{"taxonomy":"post_tag","embeddable":true,"href":"http:\/\/gadoros.hu\/index.php?rest_route=%2Fwp%2Fv2%2Ftags&post=1249"},{"taxonomy":"blog-category","embeddable":true,"href":"http:\/\/gadoros.hu\/index.php?rest_route=%2Fwp%2Fv2%2Fblog-category&post=1249"}],"curies":[{"name":"wp","href":"https:\/\/api.w.org\/{rel}","templated":true}]}}