{"id":1214,"date":"2018-09-24T12:00:17","date_gmt":"2018-09-24T12:00:17","guid":{"rendered":"http:\/\/www.gadoros.hu\/?post_type=blog_post&#038;p=1214"},"modified":"2018-09-27T09:12:41","modified_gmt":"2018-09-27T09:12:41","slug":"1214","status":"publish","type":"blog_post","link":"http:\/\/gadoros.hu\/?blog_post=1214","title":{"rendered":""},"content":{"rendered":"<p><strong>G\u00e1doros Nagyk\u00f6zs\u00e9g \u00d6nkorm\u00e1nyzata<br \/>\n<\/strong><strong>K\u00e9pvisel\u0151-test\u00fclet\u00e9nek<br \/>\n<\/strong><strong>Szoci\u00e1lis, Ifj\u00fas\u00e1gv\u00e9delmi \u00e9s Oktat\u00e1si Bizotts\u00e1ga<br \/>\n<\/strong><strong><u>5932 G\u00e1doros, Kossuth u. 16.<\/u><\/strong><\/p>\n<p style=\"text-align: center;\"><strong>M E G H \u00cd V \u00d3<\/strong><\/p>\n<p style=\"text-align: center;\">A Szoci\u00e1lis, Ifj\u00fas\u00e1gv\u00e9delmi \u00e9s Oktat\u00e1si Bizotts\u00e1g \u00fcl\u00e9s\u00e9t<\/p>\n<p style=\"text-align: center;\"><strong><u>2018. szeptember 25-\u00e9n (kedd) 12<sup>30 <\/sup>\u00f3r\u00e1t\u00f3l tartja<\/u><\/strong><\/p>\n<p style=\"text-align: center;\">a K\u00f6zs\u00e9gh\u00e1za tan\u00e1cskoz\u00f3 term\u00e9ben,<br \/>\nmely \u00fcl\u00e9sre tisztelettel megh\u00edvom.<!--more--><\/p>\n<p><strong><u>Nyilv\u00e1nos \u00fcl\u00e9s keret\u00e9ben:<\/u><\/strong><\/p>\n<ol>\n<li>A G\u00e1dorosi Kisboldogasszony Katolikus \u00c1ltal\u00e1nos Iskola \u00fcgye<\/li>\n<li>Bursa Hungarica Fels\u0151oktat\u00e1si \u00d6nkorm\u00e1nyzati \u00d6szt\u00f6nd\u00edjp\u00e1ly\u00e1zathoz rendelet alkot\u00e1s, \u00e9s p\u00e1ly\u00e1zat ki\u00edr\u00e1sa<\/li>\n<li>T\u00e1j\u00e9koztat\u00f3 az \u00f3voda munk\u00e1j\u00e1r\u00f3l<\/li>\n<li>Az \u00f3voda 2018\/2019. nevel\u00e9si \u00e9vre sz\u00f3l\u00f3 munkaterv\u00e9nek v\u00e9lem\u00e9nyez\u00e9se<\/li>\n<li>\u00d3vodai Pedag\u00f3giai Program m\u00f3dos\u00edt\u00e1s\u00e1nak megismer\u00e9se<\/li>\n<li>vil\u00e1gh\u00e1bor\u00fas eml\u00e9km\u0171 rendbet\u00e9tel\u00e9re, renov\u00e1l\u00e1s\u00e1ra p\u00e1ly\u00e1zat<\/li>\n<li>Bejelent\u00e9sek<\/li>\n<\/ol>\n<p><strong>A napirendi ponthoz megh\u00edvva:<br \/>\n<\/strong>F\u00e1bri Istv\u00e1n eln\u00f6k, Bencsik S\u00e1ndorn\u00e9 \u00e9s J\u00e1mborcsik L\u00e1szl\u00f3 bizotts\u00e1gi tagok, Maronka Lajos polg\u00e1rmester, Dr. Kishonti Andr\u00e1s alpolg\u00e1rmester, Cseresny\u00e9s K\u00e1rolyn\u00e9, Palai J\u00f3zsef \u00e9s Varga Zsolt telep\u00fcl\u00e9si k\u00e9pvisel\u0151k, Dr. Olasz Imr\u00e9n\u00e9 dr. jegyz\u0151.<\/p>\n<p>G\u00e1doros, 2018. szeptember 20.<\/p>\n<p style=\"text-align: right;\">F\u00e1bri Istv\u00e1n s. k.<br \/>\nBizotts\u00e1g Eln\u00f6ke<\/p>\n","protected":false},"excerpt":{"rendered":"<p>G\u00e1doros Nagyk\u00f6zs\u00e9g \u00d6nkorm\u00e1nyzata K\u00e9pvisel\u0151-test\u00fclet\u00e9nek Szoci\u00e1lis, Ifj\u00fas\u00e1gv\u00e9delmi \u00e9s Oktat\u00e1si Bizotts\u00e1ga 5932 G\u00e1doros, Kossuth u. 16. M E G H \u00cd V \u00d3 A Szoci\u00e1lis, Ifj\u00fas\u00e1gv\u00e9delmi \u00e9s Oktat\u00e1si Bizotts\u00e1g \u00fcl\u00e9s\u00e9t 2018. szeptember 25-\u00e9n (kedd) 1230 \u00f3r\u00e1t\u00f3l tartja a K\u00f6zs\u00e9gh\u00e1za tan\u00e1cskoz\u00f3 term\u00e9ben, mely \u00fcl\u00e9sre tisztelettel megh\u00edvom.<\/p>\n","protected":false},"author":1,"featured_media":0,"comment_status":"closed","ping_status":"closed","template":"","tags":[],"blog-category":[28],"_links":{"self":[{"href":"http:\/\/gadoros.hu\/index.php?rest_route=\/wp\/v2\/blog_post\/1214"}],"collection":[{"href":"http:\/\/gadoros.hu\/index.php?rest_route=\/wp\/v2\/blog_post"}],"about":[{"href":"http:\/\/gadoros.hu\/index.php?rest_route=\/wp\/v2\/types\/blog_post"}],"author":[{"embeddable":true,"href":"http:\/\/gadoros.hu\/index.php?rest_route=\/wp\/v2\/users\/1"}],"replies":[{"embeddable":true,"href":"http:\/\/gadoros.hu\/index.php?rest_route=%2Fwp%2Fv2%2Fcomments&post=1214"}],"wp:attachment":[{"href":"http:\/\/gadoros.hu\/index.php?rest_route=%2Fwp%2Fv2%2Fmedia&parent=1214"}],"wp:term":[{"taxonomy":"post_tag","embeddable":true,"href":"http:\/\/gadoros.hu\/index.php?rest_route=%2Fwp%2Fv2%2Ftags&post=1214"},{"taxonomy":"blog-category","embeddable":true,"href":"http:\/\/gadoros.hu\/index.php?rest_route=%2Fwp%2Fv2%2Fblog-category&post=1214"}],"curies":[{"name":"wp","href":"https:\/\/api.w.org\/{rel}","templated":true}]}}