{"id":1208,"date":"2018-09-07T10:58:42","date_gmt":"2018-09-07T10:58:42","guid":{"rendered":"http:\/\/www.gadoros.hu\/?post_type=blog_post&#038;p=1208"},"modified":"2018-09-07T10:58:42","modified_gmt":"2018-09-07T10:58:42","slug":"1208","status":"publish","type":"blog_post","link":"http:\/\/gadoros.hu\/?blog_post=1208","title":{"rendered":""},"content":{"rendered":"<p><strong>G\u00e1doros Nagyk\u00f6zs\u00e9g Polg\u00e1rmestere<br \/>\n<\/strong><strong>5932 G\u00e1doros, Kossuth u. 16.<br \/>\nTelefon: 68\/490-001<\/strong><\/p>\n<h1 style=\"text-align: center;\">M E G H \u00cd V \u00d3<\/h1>\n<p style=\"text-align: center;\">G\u00e1doros Nagyk\u00f6zs\u00e9gi \u00d6nkorm\u00e1nyzat<br \/>\nK\u00e9pvisel\u0151-test\u00fclete rendes \u00fcl\u00e9s\u00e9t<\/p>\n<p style=\"text-align: center;\"><strong><u>2018,<\/u><\/strong><strong><u>\u00a0szeptember 11-\u00e9n (kedd) 14<sup>00<\/sup> \u00f3rai<\/u><\/strong><\/p>\n<p style=\"text-align: center;\">kezdettel tartja a K\u00f6zs\u00e9gh\u00e1za tan\u00e1cskoz\u00f3 term\u00e9ben, melyre tisztelettel<br \/>\n<strong>megh\u00edvom.<\/strong><!--more--><\/p>\n<p><strong><u>Nyilv\u00e1nos \u00fcl\u00e9s keret\u00e9ben:<\/u><\/strong><\/p>\n<p>1) Jelent\u00e9s a hat\u00e1rozatok v\u00e9grehajt\u00e1s\u00e1r\u00f3l<br \/>\nEl\u0151ad\u00f3<strong>: <\/strong>Maronka Lajos polg\u00e1rmester<\/p>\n<p><span style=\"font-size: 1rem;\">2) Csatlakoz\u00e1s a Bursa Hungarica Fels\u0151oktat\u00e1si \u00d6nkorm\u00e1nyzati \u00d6szt\u00f6nd\u00edjp\u00e1ly\u00e1zat 2019. \u00e9vi fordul\u00f3j\u00e1hoz<br \/>\n<\/span>El\u0151ad\u00f3: Maronka Lajos polg\u00e1rmester<\/p>\n<p>3) Telep\u00fcl\u00e9si \u00f6nkorm\u00e1nyzatok rendk\u00edv\u00fcli t\u00e1mogat\u00e1s p\u00e1ly\u00e1zat beny\u00fajt\u00e1sa<br \/>\nEl\u0151ad\u00f3: Maronka Lajos polg\u00e1rmester<\/p>\n<p>4) \u00d3voda Alap\u00edt\u00f3 Okirat m\u00f3dos\u00edt\u00e1sa<br \/>\nEl\u0151ad\u00f3: Maronka Lajos polg\u00e1rmester<\/p>\n<p>5) Justh Zsigmond M\u0171vel\u0151d\u00e9si H\u00e1z \u00e9s K\u00f6nyvt\u00e1r Alap\u00edt\u00f3 Okirat m\u00f3dos\u00edt\u00e1sa<br \/>\nEl\u0151ad\u00f3: Maronka Lajos polg\u00e1rmester<\/p>\n<p>6) N\u00e9pkonyha feladatell\u00e1t\u00e1si szerz\u0151d\u00e9s<br \/>\nEl\u0151ad\u00f3: Maronka Lajos polg\u00e1rmester<\/p>\n<p>7) G\u00e1doros, Kossuth u. 29. sz\u00e1m alatti ingatlan \u00e9rt\u00e9kes\u00edt\u00e9se<br \/>\nEl\u0151ad\u00f3: Maronka Lajos polg\u00e1rmester<\/p>\n<p>8) Rendszergazdai szolg\u00e1ltat\u00e1s meghosszabb\u00edt\u00e1sa<br \/>\nEl\u0151ad\u00f3: Maronka Lajos polg\u00e1rmester<\/p>\n<p>9) Az \u00f6nkorm\u00e1nyzat tulajdon\u00e1ban \u00e1ll\u00f3 MTZ 82 t\u00edpus\u00fa mez\u0151gazdas\u00e1gi vontat\u00f3 elad\u00e1sa (h\u00e9tf\u0151n ker\u00fcl kipost\u00e1z\u00e1sra)<br \/>\nEl\u0151ad\u00f3: Maronka Lajos polg\u00e1rmester<\/p>\n<p>10) Bejelent\u00e9sek<\/p>\n<p><strong>Valamennyi napirendi ponthoz megh\u00edvottak:<br \/>\n<\/strong>Maronka Lajos polg\u00e1rmester, Dr. Kishonti Andr\u00e1s alpolg\u00e1rmester, Bencsik S\u00e1ndorn\u00e9, Cseresny\u00e9s K\u00e1rolyn\u00e9, F\u00e1bri Istv\u00e1n, Palai J\u00f3zsef \u00e9s Varga Zsolt telep\u00fcl\u00e9si k\u00e9pvisel\u0151k.<\/p>\n<p>B\u00e9k\u00e9s Megyei Korm\u00e1nyhivatal, Korm\u00e1nymegb\u00edzott<\/p>\n<p>Dr. Olasz Imr\u00e9n\u00e9 dr. jegyz\u0151<br \/>\nT\u00f3th Tibor igazgat\u00e1si csoportvezet\u0151<br \/>\nLibor Zsoltn\u00e9 p\u00e9nz\u00fcgyi csoportvezet\u0151<\/p>\n<p>Prozlik M\u00e1rta Napk\u00f6zi Otthonos \u00d3voda int\u00e9zm\u00e9nyvezet\u0151<br \/>\nSebesty\u00e9n L\u00e1szl\u00f3n\u00e9 Justh Zsigmond M\u0171vel\u0151d\u00e9si H\u00e1z \u00e9s K\u00f6nyvt\u00e1r int\u00e9zm\u00e9nyvezet\u0151<br \/>\nB\u00e1nyikn\u00e9 R\u00e1cz T\u00fcnde Gondoz\u00e1si K\u00f6zpont int\u00e9zm\u00e9nyvezet\u0151<\/p>\n<p>Farkas L\u00e1szl\u00f3 Prog\u00e1dor Kft. \u00fcgyvezet\u0151 igazgat\u00f3<\/p>\n<p>Farkas Zita Roma Nemzetis\u00e9gi \u00d6nkorm\u00e1nyzat eln\u00f6k<\/p>\n<p>G\u00e1doros, 2018. szeptember 7.<\/p>\n<p style=\"text-align: right;\">Maronka Lajos s. k.<br \/>\npolg\u00e1rmester<\/p>\n","protected":false},"excerpt":{"rendered":"<p>G\u00e1doros Nagyk\u00f6zs\u00e9g Polg\u00e1rmestere 5932 G\u00e1doros, Kossuth u. 16. Telefon: 68\/490-001 M E G H \u00cd V \u00d3 G\u00e1doros Nagyk\u00f6zs\u00e9gi \u00d6nkorm\u00e1nyzat K\u00e9pvisel\u0151-test\u00fclete rendes \u00fcl\u00e9s\u00e9t 2018,\u00a0szeptember 11-\u00e9n (kedd) 1400 \u00f3rai kezdettel tartja a K\u00f6zs\u00e9gh\u00e1za tan\u00e1cskoz\u00f3 term\u00e9ben, melyre tisztelettel megh\u00edvom.<\/p>\n","protected":false},"author":1,"featured_media":0,"comment_status":"closed","ping_status":"closed","template":"","tags":[],"blog-category":[28],"_links":{"self":[{"href":"http:\/\/gadoros.hu\/index.php?rest_route=\/wp\/v2\/blog_post\/1208"}],"collection":[{"href":"http:\/\/gadoros.hu\/index.php?rest_route=\/wp\/v2\/blog_post"}],"about":[{"href":"http:\/\/gadoros.hu\/index.php?rest_route=\/wp\/v2\/types\/blog_post"}],"author":[{"embeddable":true,"href":"http:\/\/gadoros.hu\/index.php?rest_route=\/wp\/v2\/users\/1"}],"replies":[{"embeddable":true,"href":"http:\/\/gadoros.hu\/index.php?rest_route=%2Fwp%2Fv2%2Fcomments&post=1208"}],"wp:attachment":[{"href":"http:\/\/gadoros.hu\/index.php?rest_route=%2Fwp%2Fv2%2Fmedia&parent=1208"}],"wp:term":[{"taxonomy":"post_tag","embeddable":true,"href":"http:\/\/gadoros.hu\/index.php?rest_route=%2Fwp%2Fv2%2Ftags&post=1208"},{"taxonomy":"blog-category","embeddable":true,"href":"http:\/\/gadoros.hu\/index.php?rest_route=%2Fwp%2Fv2%2Fblog-category&post=1208"}],"curies":[{"name":"wp","href":"https:\/\/api.w.org\/{rel}","templated":true}]}}