{"id":1178,"date":"2018-08-30T14:05:46","date_gmt":"2018-08-30T14:05:46","guid":{"rendered":"http:\/\/www.gadoros.hu\/?post_type=blog_post&#038;p=1178"},"modified":"2018-08-30T14:05:46","modified_gmt":"2018-08-30T14:05:46","slug":"1178","status":"publish","type":"blog_post","link":"http:\/\/gadoros.hu\/?blog_post=1178","title":{"rendered":""},"content":{"rendered":"<p><strong>G\u00e1doros Nagyk\u00f6zs\u00e9g Polg\u00e1rmestere<br \/>\n<\/strong><strong>5932 G\u00e1doros, Kossuth u. 16.<br \/>\n<\/strong>Telefon: 68\/490-001<\/p>\n<h1 style=\"text-align: center;\">M E G H \u00cd V \u00d3<\/h1>\n<p style=\"text-align: center;\">G\u00e1doros Nagyk\u00f6zs\u00e9gi \u00d6nkorm\u00e1nyzat<br \/>\nK\u00e9pvisel\u0151-test\u00fclete rendk\u00edv\u00fcli \u00fcl\u00e9s\u00e9t<\/p>\n<p style=\"text-align: center;\"><strong><u>2018. szeptember 04-\u00e9n (kedd) 14<sup>00<\/sup> \u00f3rai<\/u><\/strong><\/p>\n<p style=\"text-align: center;\">kezdettel tartja a K\u00f6zs\u00e9gh\u00e1za tan\u00e1cskoz\u00f3 term\u00e9ben, melyre tisztelettel<br \/>\n<strong>megh\u00edvom.<\/strong><!--more--><\/p>\n<p><strong>\u00a0<\/strong><strong><u>Nyilv\u00e1nos \u00fcl\u00e9s keret\u00e9ben:<\/u><\/strong><\/p>\n<ol>\n<li><span style=\"font-size: 1rem;\">Alf\u00f6ldv\u00edz Zrt. G\u00f6rd\u00fcl\u0151 Fejleszt\u00e9si terv v\u00e9lem\u00e9nyez\u00e9se \u2013 iv\u00f3v\u00edz-ell\u00e1t\u00e1s<br \/>\n<\/span><strong style=\"font-size: 1rem;\">El\u0151ad\u00f3<\/strong><span style=\"font-size: 1rem;\">: Maronka Lajos Polg\u00e1rmester<\/p>\n<p><\/span><\/li>\n<li>Alf\u00f6ldv\u00edz Zrt. G\u00f6rd\u00fcl\u0151 Fejleszt\u00e9si terv v\u00e9lem\u00e9nyez\u00e9se &#8211; szennyv\u00edzelvezet\u0151 \u00e9s -tiszt\u00edt\u00f3 rendszer<br \/>\n<strong style=\"font-size: 1rem;\">El\u0151ad\u00f3<\/strong><span style=\"font-size: 1rem;\">: Maronka Lajos Polg\u00e1rmester<\/p>\n<p><\/span><\/li>\n<li>Bejelent\u00e9sek<\/li>\n<\/ol>\n<p><strong>\u00a0<\/strong><strong>Valamennyi napirendi ponthoz megh\u00edvottak:<br \/>\n<\/strong>Maronka Lajos polg\u00e1rmester, Dr. Kishonti Andr\u00e1s alpolg\u00e1rmester, Bencsik S\u00e1ndorn\u00e9, Cseresny\u00e9s K\u00e1rolyn\u00e9, F\u00e1bri Istv\u00e1n, Palai J\u00f3zsef \u00e9s Varga Zsolt telep\u00fcl\u00e9si k\u00e9pvisel\u0151k.<\/p>\n<p>B\u00e9k\u00e9s Megyei Korm\u00e1nyhivatal, Korm\u00e1nymegb\u00edzott<\/p>\n<p>Dr. Olasz Imr\u00e9n\u00e9 dr. jegyz\u0151<br \/>\nT\u00f3th Tibor igazgat\u00e1si csoportvezet\u0151<br \/>\nLibor Zsoltn\u00e9 p\u00e9nz\u00fcgyi csoportvezet\u0151<\/p>\n<p>Prozlik M\u00e1rta Napk\u00f6zi Otthonos \u00d3voda int\u00e9zm\u00e9nyvezet\u0151<br \/>\nSebesty\u00e9n L\u00e1szl\u00f3n\u00e9 Justh Zsigmond M\u0171vel\u0151d\u00e9si H\u00e1z \u00e9s K\u00f6nyvt\u00e1r int\u00e9zm\u00e9nyvezet\u0151<br \/>\nB\u00e1nyikn\u00e9 R\u00e1cz T\u00fcnde Gondoz\u00e1si K\u00f6zpont int\u00e9zm\u00e9nyvezet\u0151<br \/>\nFarkas L\u00e1szl\u00f3 Prog\u00e1dor Kft. \u00fcgyvezet\u0151 igazgat\u00f3<\/p>\n<p>Farkas Zita Roma Nemzetis\u00e9gi \u00d6nkorm\u00e1nyzat eln\u00f6k<\/p>\n<p>1-2. napirendi ponthoz megh\u00edvva: Bagi L\u00e1szl\u00f3 Alf\u00f6ldv\u00edz Zrt. K\u00f6zm\u0171fejleszt\u00e9si oszt\u00e1lyvezet\u0151-helyettes<\/p>\n<p>G\u00e1doros, 2018. augusztus 24.<\/p>\n<p style=\"text-align: right;\">Maronka Lajos s. k.<br \/>\npolg\u00e1rmester<\/p>\n","protected":false},"excerpt":{"rendered":"<p>G\u00e1doros Nagyk\u00f6zs\u00e9g Polg\u00e1rmestere 5932 G\u00e1doros, Kossuth u. 16. Telefon: 68\/490-001 M E G H \u00cd V \u00d3 G\u00e1doros Nagyk\u00f6zs\u00e9gi \u00d6nkorm\u00e1nyzat K\u00e9pvisel\u0151-test\u00fclete rendk\u00edv\u00fcli \u00fcl\u00e9s\u00e9t 2018. szeptember 04-\u00e9n (kedd) 1400 \u00f3rai kezdettel tartja a K\u00f6zs\u00e9gh\u00e1za tan\u00e1cskoz\u00f3 term\u00e9ben, melyre tisztelettel megh\u00edvom.<\/p>\n","protected":false},"author":1,"featured_media":0,"comment_status":"closed","ping_status":"closed","template":"","tags":[],"blog-category":[28],"_links":{"self":[{"href":"http:\/\/gadoros.hu\/index.php?rest_route=\/wp\/v2\/blog_post\/1178"}],"collection":[{"href":"http:\/\/gadoros.hu\/index.php?rest_route=\/wp\/v2\/blog_post"}],"about":[{"href":"http:\/\/gadoros.hu\/index.php?rest_route=\/wp\/v2\/types\/blog_post"}],"author":[{"embeddable":true,"href":"http:\/\/gadoros.hu\/index.php?rest_route=\/wp\/v2\/users\/1"}],"replies":[{"embeddable":true,"href":"http:\/\/gadoros.hu\/index.php?rest_route=%2Fwp%2Fv2%2Fcomments&post=1178"}],"wp:attachment":[{"href":"http:\/\/gadoros.hu\/index.php?rest_route=%2Fwp%2Fv2%2Fmedia&parent=1178"}],"wp:term":[{"taxonomy":"post_tag","embeddable":true,"href":"http:\/\/gadoros.hu\/index.php?rest_route=%2Fwp%2Fv2%2Ftags&post=1178"},{"taxonomy":"blog-category","embeddable":true,"href":"http:\/\/gadoros.hu\/index.php?rest_route=%2Fwp%2Fv2%2Fblog-category&post=1178"}],"curies":[{"name":"wp","href":"https:\/\/api.w.org\/{rel}","templated":true}]}}