{"id":1177,"date":"2018-08-30T14:02:58","date_gmt":"2018-08-30T14:02:58","guid":{"rendered":"http:\/\/www.gadoros.hu\/?post_type=blog_post&#038;p=1177"},"modified":"2018-08-30T14:03:21","modified_gmt":"2018-08-30T14:03:21","slug":"1177","status":"publish","type":"blog_post","link":"http:\/\/gadoros.hu\/?blog_post=1177","title":{"rendered":""},"content":{"rendered":"<p><strong>G\u00e1doros Nagyk\u00f6zs\u00e9gi \u00d6nkorm\u00e1nyzat<br \/>\n<\/strong><strong>K\u00e9pvisel\u0151-test\u00fclet\u00e9nek P\u00e9nz\u00fcgyi \u00e9s Gazdas\u00e1gi Bizotts\u00e1ga<br \/>\n<\/strong><strong>5932 G\u00e1doros, Kossuth u. 16.<br \/>\n<\/strong><strong><u>Telefon: 68\/490-001<\/u><\/strong><\/p>\n<p style=\"text-align: center;\"><strong><u>M E G H \u00cd V \u00d3<\/u><\/strong><\/p>\n<p style=\"text-align: center;\">G\u00e1doros Nagyk\u00f6zs\u00e9gi \u00d6nkorm\u00e1nyzat K\u00e9pvisel\u0151-test\u00fclet\u00e9nek<br \/>\nP\u00e9nz\u00fcgyi \u00e9s Gazdas\u00e1gi Bizotts\u00e1ga k\u00f6vetkez\u0151 \u00fcl\u00e9s\u00e9t<\/p>\n<p style=\"text-align: center;\"><strong><u>2018. szeptember 04-\u00e9n (kedd) 13<sup>30 <\/sup>\u00f3rai kezdettel<\/u><\/strong><\/p>\n<p style=\"text-align: center;\">tartja a K\u00f6zs\u00e9gh\u00e1za tan\u00e1cskoz\u00f3 term\u00e9ben, melyre tisztelettel<br \/>\n<strong>megh\u00edvom.<\/strong><!--more--><\/p>\n<p><strong>\u00a0<\/strong><strong><u>Nyilv\u00e1nos \u00fcl\u00e9s keret\u00e9ben:<\/u><\/strong><\/p>\n<ol>\n<li>Alf\u00f6ldv\u00edz Zrt. G\u00f6rd\u00fcl\u0151 Fejleszt\u00e9si terv v\u00e9lem\u00e9nyez\u00e9se \u2013 iv\u00f3v\u00edz-ell\u00e1t\u00e1s<\/li>\n<li>Alf\u00f6ldv\u00edz Zrt. G\u00f6rd\u00fcl\u0151 Fejleszt\u00e9si terv v\u00e9lem\u00e9nyez\u00e9se &#8211; szennyv\u00edzelvezet\u0151 \u00e9s -tiszt\u00edt\u00f3 rendszer<\/li>\n<li>Bejelent\u00e9sek<\/li>\n<\/ol>\n<p><strong>A napirendi pontokhoz megh\u00edvva:<br \/>\n<\/strong>Cseresny\u00e9s K\u00e1rolyn\u00e9 eln\u00f6k, F\u00e1bri Istv\u00e1n, Varga Zsolt, Koll\u00e1r Szilvia \u00e9s Palai J\u00f3zsef bizotts\u00e1gi tagok, Maronka Lajos polg\u00e1rmester, Dr. Kishonti Andr\u00e1s alpolg\u00e1rmester, Bencsik S\u00e1ndorn\u00e9 telep\u00fcl\u00e9si k\u00e9pvisel\u0151, Dr. Olasz Imr\u00e9n\u00e9 dr. jegyz\u0151, T\u00f3th Tibor igazgat\u00e1si csoportvezet\u0151, Libor Zsoltn\u00e9 p\u00e9nz\u00fcgyi csoportvezet\u0151<\/p>\n<p>1-2. napirendi ponthoz megh\u00edvva: Bagi L\u00e1szl\u00f3 Alf\u00f6ldv\u00edz Zrt. K\u00f6zm\u0171fejleszt\u00e9si oszt\u00e1lyvezet\u0151-helyettes<\/p>\n<p>G\u00e1doros, 2018. augusztus 24.<\/p>\n<p style=\"text-align: right;\">Cseresny\u00e9s K\u00e1rolyn\u00e9 s. k.<br \/>\nP\u00e9nz\u00fcgyi \u00e9s Gazdas\u00e1gi Bizotts\u00e1g eln\u00f6ke<\/p>\n","protected":false},"excerpt":{"rendered":"<p>G\u00e1doros Nagyk\u00f6zs\u00e9gi \u00d6nkorm\u00e1nyzat K\u00e9pvisel\u0151-test\u00fclet\u00e9nek P\u00e9nz\u00fcgyi \u00e9s Gazdas\u00e1gi Bizotts\u00e1ga 5932 G\u00e1doros, Kossuth u. 16. Telefon: 68\/490-001 M E G H \u00cd V \u00d3 G\u00e1doros Nagyk\u00f6zs\u00e9gi \u00d6nkorm\u00e1nyzat K\u00e9pvisel\u0151-test\u00fclet\u00e9nek P\u00e9nz\u00fcgyi \u00e9s Gazdas\u00e1gi Bizotts\u00e1ga k\u00f6vetkez\u0151 \u00fcl\u00e9s\u00e9t 2018. szeptember 04-\u00e9n (kedd) 1330 \u00f3rai kezdettel tartja a K\u00f6zs\u00e9gh\u00e1za tan\u00e1cskoz\u00f3 term\u00e9ben, melyre tisztelettel megh\u00edvom.<\/p>\n","protected":false},"author":1,"featured_media":0,"comment_status":"closed","ping_status":"closed","template":"","tags":[],"blog-category":[28],"_links":{"self":[{"href":"http:\/\/gadoros.hu\/index.php?rest_route=\/wp\/v2\/blog_post\/1177"}],"collection":[{"href":"http:\/\/gadoros.hu\/index.php?rest_route=\/wp\/v2\/blog_post"}],"about":[{"href":"http:\/\/gadoros.hu\/index.php?rest_route=\/wp\/v2\/types\/blog_post"}],"author":[{"embeddable":true,"href":"http:\/\/gadoros.hu\/index.php?rest_route=\/wp\/v2\/users\/1"}],"replies":[{"embeddable":true,"href":"http:\/\/gadoros.hu\/index.php?rest_route=%2Fwp%2Fv2%2Fcomments&post=1177"}],"wp:attachment":[{"href":"http:\/\/gadoros.hu\/index.php?rest_route=%2Fwp%2Fv2%2Fmedia&parent=1177"}],"wp:term":[{"taxonomy":"post_tag","embeddable":true,"href":"http:\/\/gadoros.hu\/index.php?rest_route=%2Fwp%2Fv2%2Ftags&post=1177"},{"taxonomy":"blog-category","embeddable":true,"href":"http:\/\/gadoros.hu\/index.php?rest_route=%2Fwp%2Fv2%2Fblog-category&post=1177"}],"curies":[{"name":"wp","href":"https:\/\/api.w.org\/{rel}","templated":true}]}}