{"id":1166,"date":"2018-08-07T13:02:26","date_gmt":"2018-08-07T13:02:26","guid":{"rendered":"http:\/\/www.gadoros.hu\/?post_type=blog_post&#038;p=1166"},"modified":"2018-08-07T13:02:43","modified_gmt":"2018-08-07T13:02:43","slug":"1166","status":"publish","type":"blog_post","link":"http:\/\/gadoros.hu\/?blog_post=1166","title":{"rendered":""},"content":{"rendered":"<p style=\"text-align: center;\"><strong>Megh\u00edv\u00f3<\/strong><\/p>\n<p style=\"text-align: center;\">G\u00e1doros Nagyk\u00f6zs\u00e9g \u00d6nkorm\u00e1nyzata<br \/>\nTisztelettel megh\u00edvja a telep\u00fcl\u00e9s lak\u00f3it<br \/>\na Justh Zsigmond M\u0171vel\u0151d\u00e9si H\u00e1z \u00e9s K\u00f6nyvt\u00e1r<br \/>\n<strong>K\u00d6NYVT\u00c1R AVAT\u00d3J\u00c1RA<\/strong><br \/>\nami<br \/>\n<strong>2018. augusztus 19-\u00e9n 10 \u00f3rakor<\/strong><br \/>\nlesz a volt P\u00e1rth\u00e1z \u00e9p\u00fclet\u00e9ben (Iskola utca 19.)<\/p>\n<p style=\"text-align: center;\"><strong>Ezt k\u00f6vet\u0151en 11 \u00f3rakor<\/strong><br \/>\n<strong>\u00dcnnepi megeml\u00e9kez\u00e9s a<br \/>\nMillenniumi eml\u00e9km\u0171n\u00e9l.<\/strong><\/p>\n<p style=\"text-align: center;\">A rendezv\u00e9ny ideje alatt j\u00e1tsz\u00f3h\u00e1z,<br \/>\nk\u00e9zm\u0171ves v\u00e1s\u00e1r v\u00e1rja az \u00e9rdekl\u0151d\u0151ket!<br \/>\nMindenkit szeretettel v\u00e1rnak a szervez\u0151k!<\/p>\n","protected":false},"excerpt":{"rendered":"<p>Megh\u00edv\u00f3 G\u00e1doros Nagyk\u00f6zs\u00e9g \u00d6nkorm\u00e1nyzata Tisztelettel megh\u00edvja a telep\u00fcl\u00e9s lak\u00f3it a Justh Zsigmond M\u0171vel\u0151d\u00e9si H\u00e1z \u00e9s K\u00f6nyvt\u00e1r K\u00d6NYVT\u00c1R AVAT\u00d3J\u00c1RA ami 2018. augusztus 19-\u00e9n 10 \u00f3rakor lesz a volt P\u00e1rth\u00e1z \u00e9p\u00fclet\u00e9ben (Iskola utca 19.) Ezt k\u00f6vet\u0151en 11 \u00f3rakor \u00dcnnepi megeml\u00e9kez\u00e9s a Millenniumi eml\u00e9km\u0171n\u00e9l. A rendezv\u00e9ny ideje alatt j\u00e1tsz\u00f3h\u00e1z, k\u00e9zm\u0171ves v\u00e1s\u00e1r v\u00e1rja az \u00e9rdekl\u0151d\u0151ket! Mindenkit szeretettel v\u00e1rnak a [&hellip;]<\/p>\n","protected":false},"author":1,"featured_media":0,"comment_status":"closed","ping_status":"closed","template":"","tags":[],"blog-category":[28],"_links":{"self":[{"href":"http:\/\/gadoros.hu\/index.php?rest_route=\/wp\/v2\/blog_post\/1166"}],"collection":[{"href":"http:\/\/gadoros.hu\/index.php?rest_route=\/wp\/v2\/blog_post"}],"about":[{"href":"http:\/\/gadoros.hu\/index.php?rest_route=\/wp\/v2\/types\/blog_post"}],"author":[{"embeddable":true,"href":"http:\/\/gadoros.hu\/index.php?rest_route=\/wp\/v2\/users\/1"}],"replies":[{"embeddable":true,"href":"http:\/\/gadoros.hu\/index.php?rest_route=%2Fwp%2Fv2%2Fcomments&post=1166"}],"wp:attachment":[{"href":"http:\/\/gadoros.hu\/index.php?rest_route=%2Fwp%2Fv2%2Fmedia&parent=1166"}],"wp:term":[{"taxonomy":"post_tag","embeddable":true,"href":"http:\/\/gadoros.hu\/index.php?rest_route=%2Fwp%2Fv2%2Ftags&post=1166"},{"taxonomy":"blog-category","embeddable":true,"href":"http:\/\/gadoros.hu\/index.php?rest_route=%2Fwp%2Fv2%2Fblog-category&post=1166"}],"curies":[{"name":"wp","href":"https:\/\/api.w.org\/{rel}","templated":true}]}}