{"id":1144,"date":"2018-07-24T11:53:02","date_gmt":"2018-07-24T11:53:02","guid":{"rendered":"http:\/\/www.gadoros.hu\/?post_type=blog_post&#038;p=1144"},"modified":"2018-07-24T12:02:55","modified_gmt":"2018-07-24T12:02:55","slug":"1144","status":"publish","type":"blog_post","link":"http:\/\/gadoros.hu\/?blog_post=1144","title":{"rendered":""},"content":{"rendered":"<p style=\"text-align: center;\">A K\u00e9pvisel\u0151-test\u00fclet 3\/2018. (II. 16.) a 2018. \u00e9vi igazgat\u00e1si sz\u00fcnet elrendel\u00e9s\u00e9r\u0151l, valamint a 2018. \u00e9vi munkasz\u00fcneti napok k\u00f6r\u00fcli \u00fcgyf\u00e9lfogad\u00e1si rendr\u0151l sz\u00f3l\u00f3 rendelet\u00e9vel<\/p>\n<p style=\"text-align: center;\"><strong>2018. <\/strong><strong style=\"font-size: 1rem;\">J\u00daLIUS 23-t\u00f3l 2018. AUGUSZTUS 24-ig<br \/>\n<\/strong><strong>ny\u00e1ri igazgat\u00e1si sz\u00fcnetet rendel el.<\/strong><\/p>\n<p style=\"text-align: center;\">Ezen id\u0151szak alatt a Polg\u00e1rmesteri Hivatal dolgoz\u00f3inak szabads\u00e1g kiad\u00e1sa t\u00f6rt\u00e9nik.<\/p>\n<p style=\"text-align: center;\"><strong>K\u00e9rj\u00fck a Tisztelt Lakoss\u00e1got, hogy az \u00fcgyf\u00e9lfogad\u00e1si id\u0151t ezen id\u0151szak alatt sz\u00edveskedjenek betartani. <\/strong><\/p>\n<p style=\"text-align: center;\"><strong>\u00dcGYF\u00c9LFOGAD\u00c1S CSAK <\/strong><strong>\u00dcGYF\u00c9LFOGAD\u00c1SI ID\u0150BEN<\/strong><strong> T\u00d6RT\u00c9NIK!<\/strong><\/p>\n<p><strong>\u00dcGYF\u00c9LFOGAD\u00c1SI ID\u0150:<br \/>\n<\/strong><strong>H\u00c9TF\u0150: 8-12 \u00d3R\u00c1IG<br \/>\n<\/strong><strong>SZERDA: 8-12<br \/>\n<\/strong><strong style=\"font-size: 1rem;\">\u00a0 \u00a0 \u00a0 \u00a0 \u00a0 \u00a0 \u00a0 \u00a013-16 \u00d3R\u00c1IG<br \/>\n<\/strong><strong>P\u00c9NTEK: 8-12 \u00d3R\u00c1IG<\/strong><\/p>\n","protected":false},"excerpt":{"rendered":"<p>A K\u00e9pvisel\u0151-test\u00fclet 3\/2018. (II. 16.) a 2018. \u00e9vi igazgat\u00e1si sz\u00fcnet elrendel\u00e9s\u00e9r\u0151l, valamint a 2018. \u00e9vi munkasz\u00fcneti napok k\u00f6r\u00fcli \u00fcgyf\u00e9lfogad\u00e1si rendr\u0151l sz\u00f3l\u00f3 rendelet\u00e9vel 2018. J\u00daLIUS 23-t\u00f3l 2018. AUGUSZTUS 24-ig ny\u00e1ri igazgat\u00e1si sz\u00fcnetet rendel el. Ezen id\u0151szak alatt a Polg\u00e1rmesteri Hivatal dolgoz\u00f3inak szabads\u00e1g kiad\u00e1sa t\u00f6rt\u00e9nik. K\u00e9rj\u00fck a Tisztelt Lakoss\u00e1got, hogy az \u00fcgyf\u00e9lfogad\u00e1si id\u0151t ezen id\u0151szak alatt sz\u00edveskedjenek [&hellip;]<\/p>\n","protected":false},"author":1,"featured_media":0,"comment_status":"closed","ping_status":"closed","template":"","tags":[],"blog-category":[28],"_links":{"self":[{"href":"http:\/\/gadoros.hu\/index.php?rest_route=\/wp\/v2\/blog_post\/1144"}],"collection":[{"href":"http:\/\/gadoros.hu\/index.php?rest_route=\/wp\/v2\/blog_post"}],"about":[{"href":"http:\/\/gadoros.hu\/index.php?rest_route=\/wp\/v2\/types\/blog_post"}],"author":[{"embeddable":true,"href":"http:\/\/gadoros.hu\/index.php?rest_route=\/wp\/v2\/users\/1"}],"replies":[{"embeddable":true,"href":"http:\/\/gadoros.hu\/index.php?rest_route=%2Fwp%2Fv2%2Fcomments&post=1144"}],"wp:attachment":[{"href":"http:\/\/gadoros.hu\/index.php?rest_route=%2Fwp%2Fv2%2Fmedia&parent=1144"}],"wp:term":[{"taxonomy":"post_tag","embeddable":true,"href":"http:\/\/gadoros.hu\/index.php?rest_route=%2Fwp%2Fv2%2Ftags&post=1144"},{"taxonomy":"blog-category","embeddable":true,"href":"http:\/\/gadoros.hu\/index.php?rest_route=%2Fwp%2Fv2%2Fblog-category&post=1144"}],"curies":[{"name":"wp","href":"https:\/\/api.w.org\/{rel}","templated":true}]}}