{"id":1142,"date":"2018-07-16T07:16:00","date_gmt":"2018-07-16T07:16:00","guid":{"rendered":"http:\/\/www.gadoros.hu\/?post_type=blog_post&#038;p=1142"},"modified":"2018-07-16T07:16:00","modified_gmt":"2018-07-16T07:16:00","slug":"1142","status":"publish","type":"blog_post","link":"http:\/\/gadoros.hu\/?blog_post=1142","title":{"rendered":""},"content":{"rendered":"<p><strong>G\u00e1doros Nagyk\u00f6zs\u00e9g Polg\u00e1rmestere<br \/>\n<\/strong><strong>5932 G\u00e1doros, Kossuth u. 16.<br \/>\n<\/strong>Telefon: 68\/490-001<\/p>\n<h1 style=\"text-align: center;\">M E G H \u00cd V \u00d3<\/h1>\n<p style=\"text-align: center;\">G\u00e1doros Nagyk\u00f6zs\u00e9gi \u00d6nkorm\u00e1nyzat<br \/>\nK\u00e9pvisel\u0151-test\u00fclete rendes \u00fcl\u00e9s\u00e9t<\/p>\n<p style=\"text-align: center;\"><strong><u>2018.j\u00falius 17-\u00e9n (kedd) 14<sup>00<\/sup> \u00f3rai<\/u><\/strong><\/p>\n<p style=\"text-align: center;\">kezdettel tartja a K\u00f6zs\u00e9gh\u00e1za tan\u00e1cskoz\u00f3 term\u00e9ben,<br \/>\nmelyre tisztelettel<br \/>\n<strong>megh\u00edvom.<\/strong><\/p>\n<p><strong>\u00a0<\/strong><!--more--><\/p>\n<p><strong><u>Nyilv\u00e1nos \u00fcl\u00e9s keret\u00e9ben:<\/u><\/strong><\/p>\n<p>1). Jelent\u00e9s a hat\u00e1rozatok v\u00e9grehajt\u00e1s\u00e1r\u00f3l<br \/>\nEl\u0151ad\u00f3: Maronka Lajos polg\u00e1rmester<\/p>\n<p>2.) T\u00e1j\u00e9koztat\u00f3 G\u00e1doros nagyk\u00f6zs\u00e9gben a szil\u00e1rd hullad\u00e9k elsz\u00e1ll\u00edt\u00e1s\u00e1val kapcsolatban v\u00e9gzett munk\u00e1r\u00f3l<br \/>\nEl\u0151ad\u00f3: Maronka Lajos polg\u00e1rmester<br \/>\nTelep\u00fcl\u00e9stisztas\u00e1gi V\u00e1llalat Orosh\u00e1za<\/p>\n<p>3) K\u00f6z\u00f6ss\u00e9gi egy\u00fctt\u00e9l\u00e9s szab\u00e1lyair\u00f3l sz\u00f3l\u00f3 rendelet<br \/>\nEl\u0151ad\u00f3: Maronka Lajos polg\u00e1rmester<\/p>\n<p>4) Besz\u00e1mol\u00f3 a Justh Zsigmond M\u0171vel\u0151d\u00e9si H\u00e1z \u00e9s K\u00f6nyvt\u00e1r munk\u00e1j\u00e1r\u00f3l<br \/>\nEl\u0151ad\u00f3: Maronka Lajos polg\u00e1rmester<br \/>\nSebesty\u00e9n L\u00e1szl\u00f3n\u00e9 int\u00e9zm\u00e9nyvezet\u0151<\/p>\n<p>5) 2018\/2019. nevel\u00e9si \u00e9vben ind\u00edthat\u00f3 \u00f3vodai csoportok sz\u00e1m\u00e1nak meghat\u00e1roz\u00e1s\u00e1r\u00f3l<br \/>\nEl\u0151ad\u00f3: Maronka Lajos polg\u00e1rmester<br \/>\nProzlik M\u00e1rta int\u00e9zm\u00e9nyvezet\u0151<\/p>\n<p>6) \u201eVir\u00e1gos, rendezett porta\u201d elismer\u00e9s \u00e9s G\u00e1doros Nagyk\u00f6zs\u00e9g\u00e9rt kit\u00fcntet\u0151 c\u00edm adom\u00e1nyoz\u00e1s\u00e1nak el\u0151k\u00e9sz\u00edt\u00e9se, munkacsoportok megalak\u00edt\u00e1sa<br \/>\nEl\u0151ad\u00f3: Maronka Lajos polg\u00e1rmester<\/p>\n<p>7) T\u00e1j\u00e9koztat\u00e1s a k\u00f6zfoglalkoztat\u00e1s helyzet\u00e9r\u0151l \u00e9s a Start munkaprogramr\u00f3l<br \/>\nEl\u0151ad\u00f3: Maronka Lajos polg\u00e1rmester<br \/>\nGarab Roz\u00e1lis f\u0151munkat\u00e1rs<\/p>\n<p>8) T\u00e1j\u00e9koztat\u00f3 az \u00fat-menti fesz\u00fclet \u00e1ll\u00edt\u00e1s\u00e1val kapcsolatos kieg\u00e9sz\u00edt\u0151 k\u00f6lts\u00e9gekr\u0151l<br \/>\nEl\u0151ad\u00f3: Maronka Lajos polg\u00e1rmester<\/p>\n<p>9) G\u00e1doros, Kossuth u. 29. sz\u00e1m alatti ingatlan \u00e9rt\u00e9kes\u00edt\u00e9se<br \/>\nEl\u0151ad\u00f3: Maronka Lajos polg\u00e1rmester<\/p>\n<p>10) G\u00e1dorosi F\u00fczetek k\u00f6vetkez\u0151 sz\u00e1m\u00e1nak el\u0151k\u00e9sz\u00edt\u00e9se t\u00e1rgya<br \/>\nEl\u0151ad\u00f3: Maronka Lajos polg\u00e1rmester<br \/>\nT\u00f3th Tibor igazgat\u00e1si csoportvezet\u0151<\/p>\n<p>11) K\u00f6zbeszerz\u00e9si \u00e9s Beszerz\u00e9si Szab\u00e1lyzat elfogad\u00e1sa<br \/>\nEl\u0151ad\u00f3: Maronka Lajos polg\u00e1rmester<\/p>\n<p>12) Orvosi rendel\u0151 fejleszt\u00e9se G\u00e1doroson projekt<br \/>\nEl\u0151ad\u00f3: Maronka Lajos polg\u00e1rmester<\/p>\n<p>13) Piac gazdas\u00e1gfejleszt\u00e9se G\u00e1doroson projekt<br \/>\nEl\u0151ad\u00f3: Maronka Lajos polg\u00e1rmester<\/p>\n<p>14) T\u00e1j\u00e9koztat\u00f3 az \u00d6nkorm\u00e1nyzat t\u00e1rsadalom \u00e9s szoci\u00e1lpolitikai juttat\u00e1s t\u00e1rgy\u00e1ban<br \/>\nEl\u0151ad\u00f3: Maronka Lajos polg\u00e1rmester<\/p>\n<p>15) Neh\u00e9z szoci\u00e1lis k\u00f6r\u00fclm\u00e9nyek k\u00f6z\u00f6tt \u00e9l\u0151 gyermekek Erzs\u00e9bet t\u00e1borba val\u00f3 utaztat\u00e1s\u00e1nak t\u00e1mogat\u00e1sa<br \/>\nEl\u0151ad\u00f3: Maronka Lajos polg\u00e1rmester<br \/>\nVida Melinda<\/p>\n<p>16) Dareh \u00d6nkorm\u00e1nyzati T\u00e1rsul\u00e1s T\u00e1rsul\u00e1si Meg\u00e1llapod\u00e1s m\u00f3dos\u00edt\u00e1sa<br \/>\nEl\u0151ad\u00f3: Maronka Lajos polg\u00e1rmester<\/p>\n<p>17) Bejelent\u00e9sek<\/p>\n<ol>\n<li>Orsz\u00e1gos Ment\u0151szolg\u00e1lat t\u00e1mogat\u00e1si k\u00e9relme<br \/>\nEl\u0151ad\u00f3: Maronka Lajos polg\u00e1rmester<\/li>\n<\/ol>\n<p><strong>\u00a0<\/strong><\/p>\n<p><strong>Valamennyi napirendi ponthoz megh\u00edvottak:<br \/>\n<\/strong>Maronka Lajos polg\u00e1rmester, Dr. Kishonti Andr\u00e1s alpolg\u00e1rmester, Bencsik S\u00e1ndorn\u00e9, Cseresny\u00e9s K\u00e1rolyn\u00e9, F\u00e1bri Istv\u00e1n, Palai J\u00f3zsef \u00e9s Varga Zsolt telep\u00fcl\u00e9si k\u00e9pvisel\u0151k.<\/p>\n<p>B\u00e9k\u00e9s Megyei Korm\u00e1nyhivatal, Korm\u00e1nymegb\u00edzott<\/p>\n<p>Dr. Olasz Imr\u00e9n\u00e9 dr. jegyz\u0151<br \/>\nT\u00f3th Tibor igazgat\u00e1si csoportvezet\u0151<br \/>\nLibor Zsoltn\u00e9 p\u00e9nz\u00fcgyi csoportvezet\u0151<\/p>\n<p>Prozlik M\u00e1rta Napk\u00f6zi Otthonos \u00d3voda int\u00e9zm\u00e9nyvezet\u0151<br \/>\nSebesty\u00e9n L\u00e1szl\u00f3n\u00e9 Justh Zsigmond M\u0171vel\u0151d\u00e9si H\u00e1z \u00e9s K\u00f6nyvt\u00e1r int\u00e9zm\u00e9nyvezet\u0151<br \/>\nB\u00e1nyikn\u00e9 R\u00e1cz T\u00fcnde Gondoz\u00e1si K\u00f6zpont int\u00e9zm\u00e9nyvezet\u0151<br \/>\nFarkas L\u00e1szl\u00f3 Prog\u00e1dor Kft. \u00fcgyvezet\u0151 igazgat\u00f3<\/p>\n<p>Farkas Zita Roma Nemzetis\u00e9gi \u00d6nkorm\u00e1nyzat eln\u00f6k<\/p>\n<ol start=\"2\">\n<li>napirendi ponthoz megh\u00edvva: Benk\u0151 Ferenc-Telep\u00fcl\u00e9stisztas\u00e1gi V\u00e1llalat Orosh\u00e1za<\/li>\n<\/ol>\n<p>G\u00e1doros, 2018. j\u00falius 11.<\/p>\n<p style=\"text-align: right;\">Maronka Lajos s. k.<br \/>\npolg\u00e1rmester<\/p>\n","protected":false},"excerpt":{"rendered":"<p>G\u00e1doros Nagyk\u00f6zs\u00e9g Polg\u00e1rmestere 5932 G\u00e1doros, Kossuth u. 16. Telefon: 68\/490-001 M E G H \u00cd V \u00d3 G\u00e1doros Nagyk\u00f6zs\u00e9gi \u00d6nkorm\u00e1nyzat K\u00e9pvisel\u0151-test\u00fclete rendes \u00fcl\u00e9s\u00e9t 2018.j\u00falius 17-\u00e9n (kedd) 1400 \u00f3rai kezdettel tartja a K\u00f6zs\u00e9gh\u00e1za tan\u00e1cskoz\u00f3 term\u00e9ben, melyre tisztelettel megh\u00edvom. \u00a0<\/p>\n","protected":false},"author":1,"featured_media":0,"comment_status":"closed","ping_status":"closed","template":"","tags":[],"blog-category":[28],"_links":{"self":[{"href":"http:\/\/gadoros.hu\/index.php?rest_route=\/wp\/v2\/blog_post\/1142"}],"collection":[{"href":"http:\/\/gadoros.hu\/index.php?rest_route=\/wp\/v2\/blog_post"}],"about":[{"href":"http:\/\/gadoros.hu\/index.php?rest_route=\/wp\/v2\/types\/blog_post"}],"author":[{"embeddable":true,"href":"http:\/\/gadoros.hu\/index.php?rest_route=\/wp\/v2\/users\/1"}],"replies":[{"embeddable":true,"href":"http:\/\/gadoros.hu\/index.php?rest_route=%2Fwp%2Fv2%2Fcomments&post=1142"}],"wp:attachment":[{"href":"http:\/\/gadoros.hu\/index.php?rest_route=%2Fwp%2Fv2%2Fmedia&parent=1142"}],"wp:term":[{"taxonomy":"post_tag","embeddable":true,"href":"http:\/\/gadoros.hu\/index.php?rest_route=%2Fwp%2Fv2%2Ftags&post=1142"},{"taxonomy":"blog-category","embeddable":true,"href":"http:\/\/gadoros.hu\/index.php?rest_route=%2Fwp%2Fv2%2Fblog-category&post=1142"}],"curies":[{"name":"wp","href":"https:\/\/api.w.org\/{rel}","templated":true}]}}