{"id":1141,"date":"2018-07-16T06:49:11","date_gmt":"2018-07-16T06:49:11","guid":{"rendered":"http:\/\/www.gadoros.hu\/?post_type=blog_post&#038;p=1141"},"modified":"2018-07-16T06:49:18","modified_gmt":"2018-07-16T06:49:18","slug":"1141","status":"publish","type":"blog_post","link":"http:\/\/gadoros.hu\/?blog_post=1141","title":{"rendered":""},"content":{"rendered":"<p><strong>G\u00e1doros Nagyk\u00f6zs\u00e9gi \u00d6nkorm\u00e1nyzat<br \/>\n<\/strong><strong>K\u00e9pvisel\u0151-test\u00fclet\u00e9nek P\u00e9nz\u00fcgyi \u00e9s Gazdas\u00e1gi Bizotts\u00e1ga<br \/>\n<\/strong><strong>5932 G\u00e1doros, Kossuth u. 16.<br \/>\n<\/strong><strong><u>Telefon: 68\/490-001<\/u><\/strong><\/p>\n<p style=\"text-align: center;\"><strong><u>M E G H \u00cd V \u00d3<\/u><\/strong><\/p>\n<p style=\"text-align: center;\">G\u00e1doros Nagyk\u00f6zs\u00e9gi \u00d6nkorm\u00e1nyzat K\u00e9pvisel\u0151-test\u00fclet\u00e9nek<br \/>\nP\u00e9nz\u00fcgyi \u00e9s Gazdas\u00e1gi Bizotts\u00e1ga k\u00f6vetkez\u0151 \u00fcl\u00e9s\u00e9t<\/p>\n<p style=\"text-align: center;\"><strong><u>2018. j\u00falius 17-\u00e9n (kedd) 13<sup>30 <\/sup>\u00f3rai kezdettel<\/u><\/strong><\/p>\n<p style=\"text-align: center;\">tartja a K\u00f6zs\u00e9gh\u00e1za tan\u00e1cskoz\u00f3 term\u00e9ben, melyre tisztelettel<br \/>\n<strong>megh\u00edvom.<\/strong><\/p>\n<p><strong>\u00a0<\/strong><!--more--><\/p>\n<p><strong><u>Nyilv\u00e1nos \u00fcl\u00e9s keret\u00e9ben:<\/u><\/strong><\/p>\n<ol>\n<li>K\u00f6z\u00f6ss\u00e9gi egy\u00fctt\u00e9l\u00e9s szab\u00e1lyair\u00f3l sz\u00f3l\u00f3 rendelet<br \/>\nEl\u0151ad\u00f3: Maronka Lajos polg\u00e1rmester<\/li>\n<li>T\u00e1j\u00e9koztat\u00f3 az \u00fat-menti fesz\u00fclet \u00e1ll\u00edt\u00e1s\u00e1val kapcsolatos kieg\u00e9sz\u00edt\u0151 k\u00f6lts\u00e9gekr\u0151lEl\u0151ad\u00f3: Maronka Lajos polg\u00e1rmester<\/li>\n<li>G\u00e1doros, Kossuth u. 29. sz\u00e1m alatti ingatlan \u00e9rt\u00e9kes\u00edt\u00e9se<br \/>\nEl\u0151ad\u00f3: Maronka Lajos polg\u00e1rmester<\/li>\n<li>K\u00f6zbeszerz\u00e9si \u00e9s Beszerz\u00e9si Szab\u00e1lyzat elfogad\u00e1sa<br \/>\nEl\u0151ad\u00f3: Maronka Lajos polg\u00e1rmester<\/li>\n<li>Orvosi rendel\u0151 beruh\u00e1z\u00e1sa<br \/>\nEl\u0151ad\u00f3: Maronka Lajos polg\u00e1rmester<\/li>\n<li>Piac beruh\u00e1z\u00e1sa<br \/>\nEl\u0151ad\u00f3: Maronka Lajos polg\u00e1rmester<\/li>\n<li>T\u00e1j\u00e9koztat\u00f3 az \u00d6nkorm\u00e1nyzat t\u00e1rsadalom \u00e9s szoci\u00e1lpolitikai juttat\u00e1s t\u00e1rgy\u00e1ban<br \/>\nEl\u0151ad\u00f3: Maronka Lajos polg\u00e1rmester<\/li>\n<li>Neh\u00e9z szoci\u00e1lis k\u00f6r\u00fclm\u00e9nyek k\u00f6z\u00f6tt \u00e9l\u0151 gyermekek Erzs\u00e9bet t\u00e1borba val\u00f3 utaztat\u00e1s\u00e1nak t\u00e1mogat\u00e1sa<br \/>\nEl\u0151ad\u00f3: Maronka Lajos polg\u00e1rmester<br \/>\nVida Melinda<\/li>\n<li>Bejelent\u00e9sek<\/li>\n<\/ol>\n<p>1) Orsz\u00e1gos Ment\u0151szolg\u00e1lat t\u00e1mogat\u00e1si k\u00e9relme<br \/>\nEl\u0151ad\u00f3: Maronka Lajos polg\u00e1rmester<\/p>\n<p><strong>A napirendi pontokhoz megh\u00edvva:<br \/>\n<\/strong>Cseresny\u00e9s K\u00e1rolyn\u00e9 eln\u00f6k, F\u00e1bri Istv\u00e1n, Varga Zsolt, Koll\u00e1r Szilvia \u00e9s Palai J\u00f3zsef bizotts\u00e1gi tagok, Maronka Lajos polg\u00e1rmester, Dr. Kishonti Andr\u00e1s alpolg\u00e1rmester, Bencsik S\u00e1ndorn\u00e9 telep\u00fcl\u00e9si k\u00e9pvisel\u0151, Dr. Olasz Imr\u00e9n\u00e9 dr. jegyz\u0151, T\u00f3th Tibor igazgat\u00e1si csoportvezet\u0151, Libor Zsoltn\u00e9 p\u00e9nz\u00fcgyi csoportvezet\u0151<\/p>\n<p>G\u00e1doros, 2018. j\u00falius 12.<\/p>\n<p style=\"text-align: right;\">Cseresny\u00e9s K\u00e1rolyn\u00e9 s. k.<br \/>\nP\u00e9nz\u00fcgyi \u00e9s Gazdas\u00e1gi Bizotts\u00e1g eln\u00f6ke<\/p>\n","protected":false},"excerpt":{"rendered":"<p>G\u00e1doros Nagyk\u00f6zs\u00e9gi \u00d6nkorm\u00e1nyzat K\u00e9pvisel\u0151-test\u00fclet\u00e9nek P\u00e9nz\u00fcgyi \u00e9s Gazdas\u00e1gi Bizotts\u00e1ga 5932 G\u00e1doros, Kossuth u. 16. Telefon: 68\/490-001 M E G H \u00cd V \u00d3 G\u00e1doros Nagyk\u00f6zs\u00e9gi \u00d6nkorm\u00e1nyzat K\u00e9pvisel\u0151-test\u00fclet\u00e9nek P\u00e9nz\u00fcgyi \u00e9s Gazdas\u00e1gi Bizotts\u00e1ga k\u00f6vetkez\u0151 \u00fcl\u00e9s\u00e9t 2018. j\u00falius 17-\u00e9n (kedd) 1330 \u00f3rai kezdettel tartja a K\u00f6zs\u00e9gh\u00e1za tan\u00e1cskoz\u00f3 term\u00e9ben, melyre tisztelettel megh\u00edvom. \u00a0<\/p>\n","protected":false},"author":1,"featured_media":0,"comment_status":"closed","ping_status":"closed","template":"","tags":[],"blog-category":[28],"_links":{"self":[{"href":"http:\/\/gadoros.hu\/index.php?rest_route=\/wp\/v2\/blog_post\/1141"}],"collection":[{"href":"http:\/\/gadoros.hu\/index.php?rest_route=\/wp\/v2\/blog_post"}],"about":[{"href":"http:\/\/gadoros.hu\/index.php?rest_route=\/wp\/v2\/types\/blog_post"}],"author":[{"embeddable":true,"href":"http:\/\/gadoros.hu\/index.php?rest_route=\/wp\/v2\/users\/1"}],"replies":[{"embeddable":true,"href":"http:\/\/gadoros.hu\/index.php?rest_route=%2Fwp%2Fv2%2Fcomments&post=1141"}],"wp:attachment":[{"href":"http:\/\/gadoros.hu\/index.php?rest_route=%2Fwp%2Fv2%2Fmedia&parent=1141"}],"wp:term":[{"taxonomy":"post_tag","embeddable":true,"href":"http:\/\/gadoros.hu\/index.php?rest_route=%2Fwp%2Fv2%2Ftags&post=1141"},{"taxonomy":"blog-category","embeddable":true,"href":"http:\/\/gadoros.hu\/index.php?rest_route=%2Fwp%2Fv2%2Fblog-category&post=1141"}],"curies":[{"name":"wp","href":"https:\/\/api.w.org\/{rel}","templated":true}]}}