{"id":1130,"date":"2018-06-11T13:23:52","date_gmt":"2018-06-11T13:23:52","guid":{"rendered":"http:\/\/www.gadoros.hu\/?post_type=blog_post&#038;p=1130"},"modified":"2018-06-11T13:25:31","modified_gmt":"2018-06-11T13:25:31","slug":"1130","status":"publish","type":"blog_post","link":"http:\/\/gadoros.hu\/?blog_post=1130","title":{"rendered":""},"content":{"rendered":"<p><strong>G\u00e1doros Nagyk\u00f6zs\u00e9g Polg\u00e1rmestere<br \/>\n<\/strong><strong>5932 G\u00e1doros, Kossuth u. 16.<br \/>\n<\/strong>Telefon: 68\/490-001<\/p>\n<h1 style=\"text-align: center;\">M E G H \u00cd V \u00d3<\/h1>\n<p style=\"text-align: center;\">G\u00e1doros Nagyk\u00f6zs\u00e9gi \u00d6nkorm\u00e1nyzat<br \/>\nK\u00e9pvisel\u0151-test\u00fclete rendk\u00edv\u00fcli \u00fcl\u00e9s\u00e9t<br \/>\n<strong><u>2018. j\u00fanius 12-\u00e9n (kedd) 14<sup>00<\/sup> \u00f3rai<br \/>\n<\/u><\/strong>kezdettel tartja a K\u00f6zs\u00e9gh\u00e1za tan\u00e1cskoz\u00f3 term\u00e9ben, melyre tisztelettel<br \/>\n<strong>megh\u00edvom.<\/strong><!--more--><\/p>\n<p><strong>\u00a0<\/strong><strong>\u00a0N<\/strong><strong><u>yilv\u00e1nos \u00fcl\u00e9s keret\u00e9ben:<\/u><\/strong><\/p>\n<ol>\n<li>H\u00e1zi Seg\u00edts\u00e9gny\u00fajt\u00e1snak a Hum\u00e1n Szolg\u00e1ltat\u00f3 K\u00f6zpont r\u00e9sz\u00e9re t\u00f6rt\u00e9n\u0151 \u00e1tad\u00e1sr\u00f3l Hum\u00e1n Szolg\u00e1ltat\u00f3 K\u00f6zpont B\u00e9k\u00e9scsaba vezet\u0151j\u00e9nek sz\u00f3beli t\u00e1j\u00e9koztat\u00f3ja<br \/>\nEl\u0151ad\u00f3: Maronka Lajos polg\u00e1rmester<br \/>\nBodorl\u00f3 Borb\u00e1la<\/li>\n<li>G\u00e1doros, Dar\u00e1nyi u. 25. sz\u00e1m alatti ingatlan hasznos\u00edt\u00e1sa<br \/>\nEl\u0151ad\u00f3: Maronka Lajos polg\u00e1rmester<\/li>\n<li>Vir\u00e1gos Magyarorsz\u00e1g K\u00f6rnyezetsz\u00e9p\u00edt\u0151 Verseny &#8211; Jubileumi versenyfelh\u00edv\u00e1sra t\u00f6rt\u00e9nt regisztr\u00e1l\u00e1s<br \/>\nEl\u0151ad\u00f3: Maronka Lajos polg\u00e1rmester<\/li>\n<li>G\u00e1dorosi F\u00fczetek sorozat k\u00f6vetkez\u0151 sz\u00e1m\u00e1nak megjelentet\u00e9se a \u201eJuren\u00e1k-Werner csal\u00e1d G\u00e1doroson\u201d c\u00edmmel<br \/>\nEl\u0151ad\u00f3: Maronka Lajos polg\u00e1rmester<\/li>\n<li>Prog\u00e1dor Kft. Fel\u00fcgyel\u0151 Bizotts\u00e1ga \u00fcgyrendj\u00e9nek j\u00f3v\u00e1hagy\u00e1sa valamint a Prog\u00e1dor Kft. t\u00e1j\u00e9koztat\u00f3ja<br \/>\nEl\u0151ad\u00f3: Maronka Lajos polg\u00e1rmester<\/li>\n<li>Orvosi rendel\u0151 fejleszt\u00e9se G\u00e1doroson<br \/>\nEl\u0151ad\u00f3: Maronka Lajos polg\u00e1rmester<\/li>\n<li>Piac fejleszt\u00e9se G\u00e1doroson<br \/>\nEl\u0151ad\u00f3: Maronka Lajos polg\u00e1rmester<\/li>\n<li>A gyermekek ny\u00e1ri sz\u00fcnetben t\u00f6rt\u00e9n\u0151 napk\u00f6zbeni ell\u00e1t\u00e1s\u00e1nak biztos\u00edt\u00e1sa<br \/>\nEl\u0151ad\u00f3: Maronka Lajos polg\u00e1rmester<\/li>\n<li>K\u00f6zbeszerz\u00e9si szab\u00e1lyzat aktualiz\u00e1l\u00e1sa<br \/>\nEl\u0151ad\u00f3: Maronka Lajos polg\u00e1rmester<\/li>\n<li>Orvosi rendel\u0151 fejleszt\u00e9se G\u00e1doroson k\u00f6zbeszerz\u00e9si szak\u00e9rt\u0151 szerz\u0151d\u00e9s\u00e9nek m\u00f3dos\u00edt\u00e1sa<br \/>\nEl\u0151ad\u00f3: Maronka Lajos polg\u00e1rmester<\/li>\n<li>Bejelent\u00e9sek<\/li>\n<\/ol>\n<p><strong>Valamennyi napirendi ponthoz megh\u00edvottak:<br \/>\n<\/strong>Maronka Lajos polg\u00e1rmester, Dr. Kishonti Andr\u00e1s alpolg\u00e1rmester, Bencsik S\u00e1ndorn\u00e9, Cseresny\u00e9s K\u00e1rolyn\u00e9, F\u00e1bri Istv\u00e1n, Palai J\u00f3zsef \u00e9s Varga Zsolt telep\u00fcl\u00e9si k\u00e9pvisel\u0151k.<\/p>\n<p>B\u00e9k\u00e9s Megyei Korm\u00e1nyhivatal, Korm\u00e1nymegb\u00edzott<\/p>\n<p>Dr. Olasz Imr\u00e9n\u00e9 dr. jegyz\u0151<br \/>\nT\u00f3th Tibor igazgat\u00e1si csoportvezet\u0151<br \/>\nLibor Zsoltn\u00e9 p\u00e9nz\u00fcgyi csoportvezet\u0151<\/p>\n<p>Prozlik M\u00e1rta Napk\u00f6zi Otthonos \u00d3voda int\u00e9zm\u00e9nyvezet\u0151<br \/>\nSebesty\u00e9n L\u00e1szl\u00f3n\u00e9 Justh Zsigmond M\u0171vel\u0151d\u00e9si H\u00e1z \u00e9s K\u00f6nyvt\u00e1r int\u00e9zm\u00e9nyvezet\u0151<br \/>\nB\u00e1nyikn\u00e9 R\u00e1cz T\u00fcnde Gondoz\u00e1si K\u00f6zpont int\u00e9zm\u00e9nyvezet\u0151<br \/>\nFarkas L\u00e1szl\u00f3 Prog\u00e1dor Kft. \u00fcgyvezet\u0151 igazgat\u00f3<\/p>\n<p>Farkas Zita Roma Nemzetis\u00e9gi \u00d6nkorm\u00e1nyzat eln\u00f6k<\/p>\n<p>1. napirendi ponthoz megh\u00edvva: Bodor Borb\u00e1la<\/p>\n<p>G\u00e1doros, 2018. j\u00fanius 06.<\/p>\n<p style=\"text-align: right;\">Maronka Lajos s. k.<br \/>\npolg\u00e1rmester<\/p>\n","protected":false},"excerpt":{"rendered":"<p>G\u00e1doros Nagyk\u00f6zs\u00e9g Polg\u00e1rmestere 5932 G\u00e1doros, Kossuth u. 16. Telefon: 68\/490-001 M E G H \u00cd V \u00d3 G\u00e1doros Nagyk\u00f6zs\u00e9gi \u00d6nkorm\u00e1nyzat K\u00e9pvisel\u0151-test\u00fclete rendk\u00edv\u00fcli \u00fcl\u00e9s\u00e9t 2018. j\u00fanius 12-\u00e9n (kedd) 1400 \u00f3rai kezdettel tartja a K\u00f6zs\u00e9gh\u00e1za tan\u00e1cskoz\u00f3 term\u00e9ben, melyre tisztelettel megh\u00edvom.<\/p>\n","protected":false},"author":1,"featured_media":0,"comment_status":"closed","ping_status":"closed","template":"","tags":[],"blog-category":[28],"_links":{"self":[{"href":"http:\/\/gadoros.hu\/index.php?rest_route=\/wp\/v2\/blog_post\/1130"}],"collection":[{"href":"http:\/\/gadoros.hu\/index.php?rest_route=\/wp\/v2\/blog_post"}],"about":[{"href":"http:\/\/gadoros.hu\/index.php?rest_route=\/wp\/v2\/types\/blog_post"}],"author":[{"embeddable":true,"href":"http:\/\/gadoros.hu\/index.php?rest_route=\/wp\/v2\/users\/1"}],"replies":[{"embeddable":true,"href":"http:\/\/gadoros.hu\/index.php?rest_route=%2Fwp%2Fv2%2Fcomments&post=1130"}],"wp:attachment":[{"href":"http:\/\/gadoros.hu\/index.php?rest_route=%2Fwp%2Fv2%2Fmedia&parent=1130"}],"wp:term":[{"taxonomy":"post_tag","embeddable":true,"href":"http:\/\/gadoros.hu\/index.php?rest_route=%2Fwp%2Fv2%2Ftags&post=1130"},{"taxonomy":"blog-category","embeddable":true,"href":"http:\/\/gadoros.hu\/index.php?rest_route=%2Fwp%2Fv2%2Fblog-category&post=1130"}],"curies":[{"name":"wp","href":"https:\/\/api.w.org\/{rel}","templated":true}]}}