{"id":1114,"date":"2018-05-23T07:39:55","date_gmt":"2018-05-23T07:39:55","guid":{"rendered":"http:\/\/www.gadoros.hu\/?post_type=blog_post&#038;p=1114"},"modified":"2018-05-23T07:50:31","modified_gmt":"2018-05-23T07:50:31","slug":"1114","status":"publish","type":"blog_post","link":"http:\/\/gadoros.hu\/?blog_post=1114","title":{"rendered":""},"content":{"rendered":"<p><strong>G\u00e1doros Nagyk\u00f6zs\u00e9g \u00d6nkorm\u00e1nyzata<br \/>\n<\/strong><strong>K\u00e9pvisel\u0151-test\u00fclet\u00e9nek<br \/>\n<\/strong><strong>Szoci\u00e1lis, Ifj\u00fas\u00e1gv\u00e9delmi \u00e9s Oktat\u00e1si Bizotts\u00e1ga<br \/>\n<\/strong><strong><u>5932 G\u00e1doros, Kossuth u. 16.<\/u><\/strong><\/p>\n<p style=\"text-align: center;\"><strong>\u00a0<\/strong><strong>M E G H \u00cd V \u00d3<\/strong><\/p>\n<p style=\"text-align: center;\">A Szoci\u00e1lis, Ifj\u00fas\u00e1gv\u00e9delmi \u00e9s Oktat\u00e1si Bizotts\u00e1g \u00fcl\u00e9s\u00e9t<\/p>\n<p style=\"text-align: center;\"><strong><u>2018. m\u00e1jus 22-\u00e9n (kedd) 12:30 \u00f3r\u00e1t\u00f3l tartja<\/u><\/strong><\/p>\n<p style=\"text-align: center;\">a K\u00f6zs\u00e9gh\u00e1za tan\u00e1cskoz\u00f3 term\u00e9ben,<br \/>\nmely \u00fcl\u00e9sre tisztelettel megh\u00edvom.<!--more--><\/p>\n<p><strong><u>Nyilv\u00e1nos \u00fcl\u00e9s keret\u00e9ben:<\/u><\/strong><\/p>\n<ol>\n<li>T\u00e1j\u00e9koztat\u00f3 a Kisboldogasszony Katolikus \u00c1ltal\u00e1nos Iskola munk\u00e1j\u00e1r\u00f3l<br \/>\nEl\u0151ad\u00f3: Kozmer Imre igazgat\u00f3<\/li>\n<li>\u00e9vi szoci\u00e1lis t\u00fczel\u0151anyag v\u00e1s\u00e1rl\u00e1shoz kapcsol\u00f3d\u00f3 kieg\u00e9sz\u00edt\u0151 t\u00e1mogat\u00e1s<br \/>\nEl\u0151ad\u00f3: Maronka Lajos polg\u00e1rmester<\/li>\n<li>Napk\u00f6ziotthonos \u00d3voda Honv\u00e9delmi Int\u00e9zked\u00e9si Terv\u00e9nek megismer\u00e9se<br \/>\nEl\u0151ad\u00f3: Maronka Lajos polg\u00e1rmester<\/li>\n<li>Gondoz\u00e1si K\u00f6zpont Szakmai Programj\u00e1nak, valamint Szervezeti \u00e9s M\u0171k\u00f6d\u00e9si Szab\u00e1lyzat\u00e1nak m\u00f3dos\u00edt\u00e1sa<br \/>\nEl\u0151ad\u00f3: Maronka Lajos polg\u00e1rmester<\/li>\n<li>H\u00e1zi Seg\u00edts\u00e9gny\u00fajt\u00e1snak a Hum\u00e1n Szolg\u00e1ltat\u00f3 K\u00f6zpont r\u00e9sz\u00e9re t\u00f6rt\u00e9n\u0151 \u00e1tad\u00e1sr\u00f3l<br \/>\nEl\u0151ad\u00f3: Maronka Lajos polg\u00e1rmester<\/li>\n<li>Bejelent\u00e9sek<\/li>\n<\/ol>\n<p><strong>A napirendi ponthoz megh\u00edvva:<br \/>\n<\/strong>F\u00e1bri Istv\u00e1n eln\u00f6k, Bencsik S\u00e1ndorn\u00e9 \u00e9s J\u00e1mborcsik L\u00e1szl\u00f3 bizotts\u00e1gi tagok, Maronka Lajos polg\u00e1rmester, Dr. Kishonti Andr\u00e1s alpolg\u00e1rmester, Cseresny\u00e9s K\u00e1rolyn\u00e9, Palai J\u00f3zsef \u00e9s Varga Zsolt telep\u00fcl\u00e9si k\u00e9pvisel\u0151k, Dr. Olasz Imr\u00e9n\u00e9 dr. jegyz\u0151.<\/p>\n<p>G\u00e1doros, 2018. m\u00e1jus 16.<\/p>\n<p style=\"text-align: right;\">F\u00e1bri Istv\u00e1n s. k.<br \/>\nBizotts\u00e1g Eln\u00f6ke<\/p>\n","protected":false},"excerpt":{"rendered":"<p>G\u00e1doros Nagyk\u00f6zs\u00e9g \u00d6nkorm\u00e1nyzata K\u00e9pvisel\u0151-test\u00fclet\u00e9nek Szoci\u00e1lis, Ifj\u00fas\u00e1gv\u00e9delmi \u00e9s Oktat\u00e1si Bizotts\u00e1ga 5932 G\u00e1doros, Kossuth u. 16. \u00a0M E G H \u00cd V \u00d3 A Szoci\u00e1lis, Ifj\u00fas\u00e1gv\u00e9delmi \u00e9s Oktat\u00e1si Bizotts\u00e1g \u00fcl\u00e9s\u00e9t 2018. m\u00e1jus 22-\u00e9n (kedd) 12:30 \u00f3r\u00e1t\u00f3l tartja a K\u00f6zs\u00e9gh\u00e1za tan\u00e1cskoz\u00f3 term\u00e9ben, mely \u00fcl\u00e9sre tisztelettel megh\u00edvom.<\/p>\n","protected":false},"author":1,"featured_media":0,"comment_status":"closed","ping_status":"closed","template":"","tags":[],"blog-category":[28],"_links":{"self":[{"href":"http:\/\/gadoros.hu\/index.php?rest_route=\/wp\/v2\/blog_post\/1114"}],"collection":[{"href":"http:\/\/gadoros.hu\/index.php?rest_route=\/wp\/v2\/blog_post"}],"about":[{"href":"http:\/\/gadoros.hu\/index.php?rest_route=\/wp\/v2\/types\/blog_post"}],"author":[{"embeddable":true,"href":"http:\/\/gadoros.hu\/index.php?rest_route=\/wp\/v2\/users\/1"}],"replies":[{"embeddable":true,"href":"http:\/\/gadoros.hu\/index.php?rest_route=%2Fwp%2Fv2%2Fcomments&post=1114"}],"wp:attachment":[{"href":"http:\/\/gadoros.hu\/index.php?rest_route=%2Fwp%2Fv2%2Fmedia&parent=1114"}],"wp:term":[{"taxonomy":"post_tag","embeddable":true,"href":"http:\/\/gadoros.hu\/index.php?rest_route=%2Fwp%2Fv2%2Ftags&post=1114"},{"taxonomy":"blog-category","embeddable":true,"href":"http:\/\/gadoros.hu\/index.php?rest_route=%2Fwp%2Fv2%2Fblog-category&post=1114"}],"curies":[{"name":"wp","href":"https:\/\/api.w.org\/{rel}","templated":true}]}}