{"id":1095,"date":"2018-04-24T13:58:35","date_gmt":"2018-04-24T13:58:35","guid":{"rendered":"http:\/\/www.gadoros.hu\/?post_type=blog_post&#038;p=1095"},"modified":"2018-04-24T13:58:35","modified_gmt":"2018-04-24T13:58:35","slug":"1095","status":"publish","type":"blog_post","link":"http:\/\/gadoros.hu\/?blog_post=1095","title":{"rendered":""},"content":{"rendered":"<p><strong>G\u00e1doros Nagyk\u00f6zs\u00e9gi \u00d6nkorm\u00e1nyzat<br \/>\n<\/strong><strong>K\u00e9pvisel\u0151-test\u00fclet\u00e9nek P\u00e9nz\u00fcgyi \u00e9s Gazdas\u00e1gi Bizotts\u00e1ga<br \/>\n<\/strong><strong>5932 G\u00e1doros, Kossuth u. 16.<br \/>\n<\/strong><strong><u>Telefon: 68\/490-001<\/u><\/strong><\/p>\n<p style=\"text-align: center;\"><strong><u>M E G H \u00cd V \u00d3<\/u><\/strong><\/p>\n<p style=\"text-align: center;\">G\u00e1doros Nagyk\u00f6zs\u00e9gi \u00d6nkorm\u00e1nyzat K\u00e9pvisel\u0151-test\u00fclet\u00e9nek<br \/>\nP\u00e9nz\u00fcgyi \u00e9s Gazdas\u00e1gi Bizotts\u00e1ga k\u00f6vetkez\u0151 \u00fcl\u00e9s\u00e9t<\/p>\n<p style=\"text-align: center;\"><strong><u>2018. \u00e1prilis 25-\u00e9n (szerda) 13<sup>30 <\/sup>\u00f3rai kezdettel<\/u><\/strong><\/p>\n<p style=\"text-align: center;\">tartja a K\u00f6zs\u00e9gh\u00e1za tan\u00e1cskoz\u00f3 term\u00e9ben, melyre tisztelettel<br \/>\n<strong>megh\u00edvom.<\/strong><!--more--><\/p>\n<p><strong><u>Nyilv\u00e1nos \u00fcl\u00e9s keret\u00e9ben:<\/u><\/strong><\/p>\n<ol>\n<li>) A Prog\u00e1dor Kft. \u00e9s az \u00d6nkorm\u00e1nyzat k\u00f6z\u00f6tti k\u00f6zszolg\u00e1ltat\u00e1si szerz\u0151d\u00e9s ismertet\u00e9s<br \/>\nEl\u0151ad\u00f3: Maronka Lajos polg\u00e1rmester<\/li>\n<li>A START munkaprogramban megtermelt sz\u00e1razbab \u00e9rt\u00e9kes\u00edt\u00e9se<br \/>\nEl\u0151ad\u00f3: Maronka Lajos polg\u00e1rmester<\/li>\n<li>Az \u00f6nkorm\u00e1nyzati feladatell\u00e1t\u00e1st szolg\u00e1l\u00f3 fejleszt\u00e9sek t\u00e1mogat\u00e1s\u00e1ra, ezen bel\u00fcl is a belter\u00fcleti utak, j\u00e1rd\u00e1k, hidak fel\u00faj\u00edt\u00e1sa t\u00e1rgy\u00e1ban (helyben osztott anyag)<br \/>\nEl\u0151ad\u00f3: Maronka Lajos polg\u00e1rmester<\/li>\n<li>A K\u00f6zm\u0171vel\u0151d\u00e9si \u00e9rdekelts\u00e9gn\u00f6vel\u0151 t\u00e1mogat\u00e1s p\u00e1ly\u00e1zata (helyben osztott anyag)<br \/>\nEl\u0151ad\u00f3: Maronka Lajos polg\u00e1rmester<\/li>\n<li>Rendszergazda szolg\u00e1ltat\u00e1s \u00e1raj\u00e1nlat elfogad\u00e1s\u00e1nak t\u00e1rgy\u00e1ban<br \/>\nEl\u0151ad\u00f3: Maronka Lajos polg\u00e1rmester<\/li>\n<li>Bejelent\u00e9sek<\/li>\n<\/ol>\n<p><strong>A napirendi pontokhoz megh\u00edvva:<\/strong><\/p>\n<p>Cseresny\u00e9s K\u00e1rolyn\u00e9 eln\u00f6k, F\u00e1bri Istv\u00e1n, Varga Zsolt, Koll\u00e1r Szilvia \u00e9s Palai J\u00f3zsef bizotts\u00e1gi tagok, Maronka Lajos polg\u00e1rmester, Dr. Kishonti Andr\u00e1s alpolg\u00e1rmester, Bencsik S\u00e1ndorn\u00e9 telep\u00fcl\u00e9si k\u00e9pvisel\u0151, Dr. Olasz Imr\u00e9n\u00e9 dr. jegyz\u0151, T\u00f3th Tibor igazgat\u00e1si csoportvezet\u0151, Libor Zsoltn\u00e9 p\u00e9nz\u00fcgyi csoportvezet\u0151<\/p>\n<ol start=\"5\">\n<li>napirendi ponthoz megh\u00edvva: Czingl\u00e9r Csaba informatikus<\/li>\n<\/ol>\n<p>G\u00e1doros, 2018. \u00e1prilis 24.<\/p>\n<p style=\"text-align: right;\">Cseresny\u00e9s K\u00e1rolyn\u00e9 s. k.<br \/>\nP\u00e9nz\u00fcgyi \u00e9s Gazdas\u00e1gi Bizotts\u00e1g eln\u00f6ke<\/p>\n","protected":false},"excerpt":{"rendered":"<p>G\u00e1doros Nagyk\u00f6zs\u00e9gi \u00d6nkorm\u00e1nyzat K\u00e9pvisel\u0151-test\u00fclet\u00e9nek P\u00e9nz\u00fcgyi \u00e9s Gazdas\u00e1gi Bizotts\u00e1ga 5932 G\u00e1doros, Kossuth u. 16. Telefon: 68\/490-001 M E G H \u00cd V \u00d3 G\u00e1doros Nagyk\u00f6zs\u00e9gi \u00d6nkorm\u00e1nyzat K\u00e9pvisel\u0151-test\u00fclet\u00e9nek P\u00e9nz\u00fcgyi \u00e9s Gazdas\u00e1gi Bizotts\u00e1ga k\u00f6vetkez\u0151 \u00fcl\u00e9s\u00e9t 2018. \u00e1prilis 25-\u00e9n (szerda) 1330 \u00f3rai kezdettel tartja a K\u00f6zs\u00e9gh\u00e1za tan\u00e1cskoz\u00f3 term\u00e9ben, melyre tisztelettel megh\u00edvom.<\/p>\n","protected":false},"author":1,"featured_media":0,"comment_status":"closed","ping_status":"closed","template":"","tags":[],"blog-category":[28],"_links":{"self":[{"href":"http:\/\/gadoros.hu\/index.php?rest_route=\/wp\/v2\/blog_post\/1095"}],"collection":[{"href":"http:\/\/gadoros.hu\/index.php?rest_route=\/wp\/v2\/blog_post"}],"about":[{"href":"http:\/\/gadoros.hu\/index.php?rest_route=\/wp\/v2\/types\/blog_post"}],"author":[{"embeddable":true,"href":"http:\/\/gadoros.hu\/index.php?rest_route=\/wp\/v2\/users\/1"}],"replies":[{"embeddable":true,"href":"http:\/\/gadoros.hu\/index.php?rest_route=%2Fwp%2Fv2%2Fcomments&post=1095"}],"wp:attachment":[{"href":"http:\/\/gadoros.hu\/index.php?rest_route=%2Fwp%2Fv2%2Fmedia&parent=1095"}],"wp:term":[{"taxonomy":"post_tag","embeddable":true,"href":"http:\/\/gadoros.hu\/index.php?rest_route=%2Fwp%2Fv2%2Ftags&post=1095"},{"taxonomy":"blog-category","embeddable":true,"href":"http:\/\/gadoros.hu\/index.php?rest_route=%2Fwp%2Fv2%2Fblog-category&post=1095"}],"curies":[{"name":"wp","href":"https:\/\/api.w.org\/{rel}","templated":true}]}}