{"id":1060,"date":"2018-03-19T14:10:11","date_gmt":"2018-03-19T14:10:11","guid":{"rendered":"http:\/\/www.gadoros.hu\/?post_type=blog_post&#038;p=1060"},"modified":"2018-03-19T14:10:11","modified_gmt":"2018-03-19T14:10:11","slug":"1060","status":"publish","type":"blog_post","link":"http:\/\/gadoros.hu\/?blog_post=1060","title":{"rendered":""},"content":{"rendered":"<p style=\"text-align: left;\"><strong>G\u00e1doros Nagyk\u00f6zs\u00e9gi \u00d6nkorm\u00e1nyzat<br \/>\n<\/strong><strong>K\u00e9pvisel\u0151-test\u00fclet\u00e9nek P\u00e9nz\u00fcgyi \u00e9s Gazdas\u00e1gi Bizotts\u00e1ga<br \/>\n<\/strong><strong>5932 G\u00e1doros, Kossuth u. 16.<br \/>\n<\/strong><strong><u>Telefon: 68\/490-001<\/u><\/strong><\/p>\n<p style=\"text-align: center;\"><strong><u>M E G H \u00cd V \u00d3<\/u><\/strong><\/p>\n<p style=\"text-align: center;\">G\u00e1doros Nagyk\u00f6zs\u00e9gi \u00d6nkorm\u00e1nyzat K\u00e9pvisel\u0151-test\u00fclet\u00e9nek<br \/>\nP\u00e9nz\u00fcgyi \u00e9s Gazdas\u00e1gi Bizotts\u00e1ga k\u00f6vetkez\u0151 \u00fcl\u00e9s\u00e9t<br \/>\n<strong><u>2018. m\u00e1rcius 20-\u00e1n (kedd) 13<sup>30 <\/sup>\u00f3rai kezdettel<\/u><\/strong><\/p>\n<p style=\"text-align: center;\">tartja a K\u00f6zs\u00e9gh\u00e1za tan\u00e1cskoz\u00f3 term\u00e9ben, melyre tisztelettel<br \/>\n<strong>megh\u00edvom.<\/strong><!--more--><\/p>\n<p><strong><u>Nyilv\u00e1nos \u00fcl\u00e9s keret\u00e9ben:<\/u><\/strong><\/p>\n<ol>\n<li><span style=\"font-size: 1rem;\">2018. \u00e9vi k\u00f6zbeszerz\u00e9si terv elfogad\u00e1sa<br \/>\n<\/span><strong>El\u0151ad\u00f3<\/strong>: Maronka Lajos polg\u00e1rmester<\/li>\n<li>2017. \u00e9vi k\u00f6lts\u00e9gvet\u00e9si rendelet m\u00f3dos\u00edt\u00e1sa<br \/>\n<strong style=\"font-size: 1rem;\">El\u0151ad\u00f3<\/strong><span style=\"font-size: 1rem;\"><span style=\"font-size: 1rem;\">: Maronka Lajos polg\u00e1rmester<\/span><\/span>&nbsp;<\/li>\n<li>Besz\u00e1mol\u00f3 a Gondoz\u00e1si K\u00f6zpont munk\u00e1j\u00e1r\u00f3l<br \/>\n<strong style=\"font-size: 1rem;\">El\u0151ad\u00f3<\/strong><span style=\"font-size: 1rem;\"><span style=\"font-size: 1rem;\">: Bencsik S\u00e1ndorn\u00e9 int\u00e9zm\u00e9nyvezet\u0151-helyettes<\/span><\/span>&nbsp;<\/li>\n<li>T\u00e9r\u00edt\u00e9si d\u00edjak fel\u00fclvizsg\u00e1lata<br \/>\n<strong style=\"font-size: 1rem;\">El\u0151ad\u00f3<\/strong><span style=\"font-size: 1rem;\"><span style=\"font-size: 1rem;\">: Maronka Lajos polg\u00e1rmester<\/span><\/span>&nbsp;<\/li>\n<li>Dr. Antal Gabriella \u00fcgyv\u00e9d k\u00f6lts\u00e9geir\u0151l t\u00e1j\u00e9koztat\u00e1s<br \/>\n<strong style=\"font-size: 1rem;\">El\u0151ad\u00f3<\/strong><span style=\"font-size: 1rem;\"><span style=\"font-size: 1rem;\">: Maronka Lajos polg\u00e1rmester<\/span><\/span>&nbsp;<\/li>\n<li>Bejelent\u00e9sek<\/li>\n<\/ol>\n<p>1.) Kisangyal Gyermekalap\u00edtv\u00e1ny k\u00e9relme<br \/>\n<strong>El\u0151ad\u00f3<\/strong>: Maronka Lajos polg\u00e1rmester<\/p>\n<p>2.) A k\u00f6zs\u00e9g \u00fatjainak jav\u00edt\u00e1sa c\u00e9lj\u00e1b\u00f3l beszerzett \u00e1raj\u00e1nlatok<br \/>\n<strong>El\u0151ad\u00f3<\/strong>: Maronka Lajos polg\u00e1rmester<\/p>\n<p><strong>A napirendi pontokhoz megh\u00edvva:<\/strong><\/p>\n<p>Cseresny\u00e9s K\u00e1rolyn\u00e9 eln\u00f6k, F\u00e1bri Istv\u00e1n, Varga Zsolt, Koll\u00e1r Szilvia \u00e9s Palai J\u00f3zsef bizotts\u00e1gi tagok, Maronka Lajos polg\u00e1rmester, Dr. Kishonti Andr\u00e1s alpolg\u00e1rmester, Bencsik S\u00e1ndorn\u00e9 telep\u00fcl\u00e9si k\u00e9pvisel\u0151, Dr. Olasz Imr\u00e9n\u00e9 dr. jegyz\u0151, T\u00f3th Tibor igazgat\u00e1si csoportvezet\u0151, Libor Zsoltn\u00e9 p\u00e9nz\u00fcgyi csoportvezet\u0151<\/p>\n<p style=\"text-align: left;\">G\u00e1doros, 2018. m\u00e1rcius 13.<\/p>\n<p style=\"text-align: right;\">Cseresny\u00e9s K\u00e1rolyn\u00e9 s. k.<br \/>\nP\u00e9nz\u00fcgyi \u00e9s Gazdas\u00e1gi<br \/>\nBizotts\u00e1g eln\u00f6ke<\/p>\n","protected":false},"excerpt":{"rendered":"<p>G\u00e1doros Nagyk\u00f6zs\u00e9gi \u00d6nkorm\u00e1nyzat K\u00e9pvisel\u0151-test\u00fclet\u00e9nek P\u00e9nz\u00fcgyi \u00e9s Gazdas\u00e1gi Bizotts\u00e1ga 5932 G\u00e1doros, Kossuth u. 16. Telefon: 68\/490-001 M E G H \u00cd V \u00d3 G\u00e1doros Nagyk\u00f6zs\u00e9gi \u00d6nkorm\u00e1nyzat K\u00e9pvisel\u0151-test\u00fclet\u00e9nek P\u00e9nz\u00fcgyi \u00e9s Gazdas\u00e1gi Bizotts\u00e1ga k\u00f6vetkez\u0151 \u00fcl\u00e9s\u00e9t 2018. m\u00e1rcius 20-\u00e1n (kedd) 1330 \u00f3rai kezdettel tartja a K\u00f6zs\u00e9gh\u00e1za tan\u00e1cskoz\u00f3 term\u00e9ben, melyre tisztelettel megh\u00edvom.<\/p>\n","protected":false},"author":1,"featured_media":0,"comment_status":"closed","ping_status":"closed","template":"","tags":[],"blog-category":[28],"_links":{"self":[{"href":"http:\/\/gadoros.hu\/index.php?rest_route=\/wp\/v2\/blog_post\/1060"}],"collection":[{"href":"http:\/\/gadoros.hu\/index.php?rest_route=\/wp\/v2\/blog_post"}],"about":[{"href":"http:\/\/gadoros.hu\/index.php?rest_route=\/wp\/v2\/types\/blog_post"}],"author":[{"embeddable":true,"href":"http:\/\/gadoros.hu\/index.php?rest_route=\/wp\/v2\/users\/1"}],"replies":[{"embeddable":true,"href":"http:\/\/gadoros.hu\/index.php?rest_route=%2Fwp%2Fv2%2Fcomments&post=1060"}],"wp:attachment":[{"href":"http:\/\/gadoros.hu\/index.php?rest_route=%2Fwp%2Fv2%2Fmedia&parent=1060"}],"wp:term":[{"taxonomy":"post_tag","embeddable":true,"href":"http:\/\/gadoros.hu\/index.php?rest_route=%2Fwp%2Fv2%2Ftags&post=1060"},{"taxonomy":"blog-category","embeddable":true,"href":"http:\/\/gadoros.hu\/index.php?rest_route=%2Fwp%2Fv2%2Fblog-category&post=1060"}],"curies":[{"name":"wp","href":"https:\/\/api.w.org\/{rel}","templated":true}]}}