{"id":1057,"date":"2018-03-08T09:13:24","date_gmt":"2018-03-08T09:13:24","guid":{"rendered":"http:\/\/www.gadoros.hu\/?post_type=blog_post&#038;p=1057"},"modified":"2018-03-08T09:14:43","modified_gmt":"2018-03-08T09:14:43","slug":"1057","status":"publish","type":"blog_post","link":"http:\/\/gadoros.hu\/?blog_post=1057","title":{"rendered":""},"content":{"rendered":"<p style=\"text-align: center;\"><strong>G\u00e1doros Nagyk\u00f6zs\u00e9g \u00d6nkorm\u00e1nyzat\u00e1nak K\u00e9pvisel\u0151-test\u00fclete<\/strong><strong><br \/>\n<\/strong><\/p>\n<p style=\"text-align: center;\">a &#8222;K\u00f6zalkalmazottak jog\u00e1ll\u00e1s\u00e1r\u00f3l sz\u00f3l\u00f3&#8221; 1992. \u00e9vi XXXIII. t\u00f6rv\u00e9ny 20\/A. \u00a7 alapj\u00e1n p\u00e1ly\u00e1zatot hirdet<\/p>\n<p style=\"text-align: center;\"><strong>G\u00e1doros Nagyk\u00f6zs\u00e9g \u00d6nkorm\u00e1nyzat\u00e1nak K\u00e9pvisel\u0151-test\u00fclete<br \/>\n<\/strong><strong>Gondoz\u00e1si K\u00f6zpont vezet\u0151<\/strong><strong>\u00a0(magasabb vezet\u0151)<\/strong><\/p>\n<p style=\"text-align: center;\">munkak\u00f6r bet\u00f6lt\u00e9s\u00e9re.<\/p>\n<p><strong>A k\u00f6zalkalmazotti jogviszony id\u0151tartama:<br \/>\n<\/strong>Hat\u00e1rozatlan idej\u0171 k\u00f6zalkalmazotti jogviszony, az int\u00e9zm\u00e9nyn\u00e9l \u00fajonnan l\u00e9tes\u00edtett jogyviszony eset\u00e9n &#8211; a k\u00f6zalkalmazottak jog\u00e1ll\u00e1s\u00e1r\u00f3l sz\u00f3l\u00f3 1992. \u00e9vi XXXIII. tv. (Kjt.) 21\/A. \u00a7 (4) bekezd\u00e9s\u00e9ben foglaltak kiv\u00e9tel\u00e9vel &#8211; 3 h\u00f3nap pr\u00f3baid\u0151 kik\u00f6t\u00e9s\u00e9vel.<!--more--><\/p>\n<p><strong>Foglalkoztat\u00e1s jellege: <\/strong>Teljes munkaid\u0151<\/p>\n<p><strong>A vezet\u0151i megb\u00edz\u00e1s id\u0151tartama:<\/strong><br \/>\nA vezet\u0151i megb\u00edz\u00e1s hat\u00e1rozott id\u0151re, 2018.05.01 &#8211; 2023.04.30-ig sz\u00f3l.<\/p>\n<p><strong>A munkav\u00e9gz\u00e9s helye: <\/strong>B\u00e9k\u00e9s megye, 5932 G\u00e1doros, F\u0151 utca 30.<\/p>\n<p><strong>A munkak\u00f6rbe tartoz\u00f3, illetve a vezet\u0151i megb\u00edz\u00e1ssal j\u00e1r\u00f3 l\u00e9nyeges feladatok:<\/strong><\/p>\n<p>Az int\u00e9zm\u00e9ny alap\u00edt\u00f3 okirat szerinti szakszer\u0171 \u00e9s t\u00f6rv\u00e9nyes m\u0171k\u00f6dtet\u00e9se,vezet\u00e9se, zavartalan m\u0171k\u00f6d\u00e9s\u00e9nek, sz\u00ednvonalas szakmai munk\u00e1j\u00e1nak szervez\u00e9se,ir\u00e1ny\u00edt\u00e1sa,ellen\u0151rz\u00e9se,az int\u00e9zm\u00e9ny k\u00f6zalkalmazottai felett a munk\u00e1ltat\u00f3i jogk\u00f6r gyakorl\u00e1sa. Az int\u00e9zm\u00e9ny alaptev\u00e9kenys\u00e9ge: szoci\u00e1lis \u00e9tkeztet\u00e9s, h\u00e1zi seg\u00edts\u00e9gny\u00fajt\u00e1s, nappali ell\u00e1t\u00e1s, \u00e1pol\u00e1st, gondoz\u00e1st ny\u00fajt\u00f3 int\u00e9zm\u00e9nyi ell\u00e1t\u00e1s. Az int\u00e9zm\u00e9nyvezet\u0151 ell\u00e1tja tov\u00e1bb\u00e1 a v\u00e9d\u0151n\u0151i szolg\u00e1lat munk\u00e1ltat\u00f3i jogk\u00f6r\u00e9t is.<\/p>\n<p><strong>Illetm\u00e9ny \u00e9s juttat\u00e1sok:<\/strong><\/p>\n<p>Az illetm\u00e9ny meg\u00e1llap\u00edt\u00e1s\u00e1ra \u00e9s a juttat\u00e1sokra a &#8222;K\u00f6zalkalmazottak jog\u00e1ll\u00e1s\u00e1r\u00f3l sz\u00f3l\u00f3&#8221; 1992. \u00e9vi XXXIII. t\u00f6rv\u00e9ny, valamint annak v\u00e9grehajt\u00e1s\u00e1ra kiadott 257\/2000. (XII. 26.) Korm. rendelet (4. sz. mell\u00e9klet) rendelkez\u00e9sei az ir\u00e1nyad\u00f3k.<\/p>\n<p><strong>P\u00e1ly\u00e1zati felt\u00e9telek:<\/strong><\/p>\n<ul>\n<li>\u0095\u00a0\u00a0 \u00a0 \u00a0 \u00a0\u00a0Fels\u0151fok\u00fa k\u00e9pes\u00edt\u00e9s,\u0095\u00a0\u00a0 \u00a0 \u00a0 \u00a0\u00a0Az 1\/2000. (I. 7.) SzCsM. rendelet 3. sz. mell\u00e9klet\u00e9ben meghat\u00e1rozott fels\u0151fok\u00fa v\u00e9gzetts\u00e9g, els\u0151sorban: szoci\u00e1lis munk\u00e1s, szoci\u00e1lpedag\u00f3gus, szoci\u00e1lis menedzser, okleveles szoci\u00e1lis munk\u00e1s, okleveles szoci\u00e1lpolitikus, ment\u00e1lhigi\u00e9nikus,<\/li>\n<li>Legal\u00e1bb 5 \u00e9v fels\u0151fok\u00fa v\u00e9gzetts\u00e9get vagy fels\u0151fok\u00fa szakmai k\u00e9pes\u00edt\u00e9st ig\u00e9nyl\u0151, a szoci\u00e1lis ell\u00e1t\u00e1s ter\u00fclet\u00e9n bet\u00f6lt\u00f6tt munkak\u00f6rben szerzett szakmai gyakorlat<\/li>\n<li>Szoci\u00e1lis szakvizsga vagy annak a megb\u00edz\u00e1st k\u00f6vet\u0151 k\u00e9t \u00e9ven bel\u00fcli megszerz\u00e9s\u00e9re t\u00f6rt\u00e9n\u0151 k\u00f6telezetts\u00e9gv\u00e1llal\u00e1s.<\/li>\n<li>B\u00fcntetlen el\u0151\u00e9let,<\/li>\n<li>Cselekv\u0151k\u00e9pess\u00e9g.<\/li>\n<li>Magyar \u00e1llampolg\u00e1rs\u00e1g vagy k\u00fcl\u00f6n jogszab\u00e1ly szerint a szabad mozg\u00e1s \u00e9s tart\u00f3zkod\u00e1s jog\u00e1val rendelkez\u0151 st\u00e1tusz<\/li>\n<li>Vagyonnyilatkozat t\u00e9teli k\u00f6telezetts\u00e9g v\u00e1llal\u00e1sa.<\/li>\n<\/ul>\n<p><strong>A p\u00e1ly\u00e1zat elb\u00edr\u00e1l\u00e1s\u00e1n\u00e1l el\u0151nyt jelent:<\/strong><\/p>\n<ul>\n<li>\u0095\u00a0 Az int\u00e9zm\u00e9ny alaptev\u00e9kenys\u00e9g\u00e9be tartoz\u00f3 ter\u00fcleten szerzett 5 \u00e9v vezet\u0151i gyakorlat,<\/li>\n<li>\u00a0Szoci\u00e1lis szakvizsga.<\/li>\n<li>\u00a0Felhaszn\u00e1l\u00f3i szint\u0171 ECDL<\/li>\n<\/ul>\n<p><strong>A p\u00e1ly\u00e1zat r\u00e9szek\u00e9nt beny\u00fajtand\u00f3 iratok, igazol\u00e1sok:<\/strong><\/p>\n<ul>\n<li>\u0095 r\u00e9szletes szakmai \u00f6n\u00e9letrajz,<\/li>\n<li>3 h\u00f3napn\u00e1l nem r\u00e9gebbi erk\u00f6lcsi bizony\u00edtv\u00e1ny<\/li>\n<li>az int\u00e9zm\u00e9ny vezet\u00e9s\u00e9re, fejleszt\u00e9s\u00e9re vonatkoz\u00f3 program<\/li>\n<li>iskolai v\u00e9gzetts\u00e9get, szakk\u00e9pzetts\u00e9get igazol\u00f3 okiratok m\u00e1solata<\/li>\n<li>Szakmai gyakorlat igazol\u00e1sa,<\/li>\n<li>Nyilatkozat, hogy a p\u00e1ly\u00e1zati anyagban foglalt szem\u00e9lyes adatainak a p\u00e1ly\u00e1zati elj\u00e1r\u00e1ssal \u00f6sszef\u00fcgg\u0151 kezel\u00e9s\u00e9hez hozz\u00e1j\u00e1rul,<\/li>\n<li>Nyilatkozat, hogy a p\u00e1ly\u00e1zat elb\u00edr\u00e1l\u00e1s\u00e1ban r\u00e9szt vev\u0151k a p\u00e1ly\u00e1zat tartalm\u00e1t megismerhetik<\/li>\n<li>Nyilatkozat, hogy az el\u0151\u00edrt vagyonnyilatkozat-t\u00e9teli k\u00f6telezetts\u00e9get v\u00e1llalja,<\/li>\n<li>Nyilatkozat arr\u00f3l, hogy hozz\u00e1j\u00e1rul ahhoz, hogy a K\u00e9pvisel\u0151-test\u00fclet nyilv\u00e1nos \u00fcl\u00e9sen t\u00e1rgyalja p\u00e1ly\u00e1zat\u00e1t, vagy k\u00e9ri z\u00e1rt \u00fcl\u00e9s tart\u00e1s\u00e1t,<\/li>\n<li>Nyilatkozat, hogy nem \u00e1ll cselekv\u0151k\u00e9pess\u00e9get kiz\u00e1r\u00f3 vagy korl\u00e1toz\u00f3 gondnoks\u00e1g alatt,<\/li>\n<li>amennyiben nem rendelkezik szoci\u00e1lis szakvizsg\u00e1val, \u00fagy annak megszerz\u00e9s\u00e9t a megb\u00edz\u00e1s, kinevez\u00e9s kezd\u0151 id\u0151pontj\u00e1t\u00f3l sz\u00e1m\u00edtott kett\u0151 \u00e9ven bel\u00fcl v\u00e1llalja.<\/li>\n<\/ul>\n<p><strong>A munkak\u00f6r bet\u00f6lthet\u0151s\u00e9g\u00e9nek id\u0151pontja:<\/strong><\/p>\n<p>A munkak\u00f6r legkor\u00e1bban 2018. m\u00e1jus 1. napj\u00e1t\u00f3l t\u00f6lthet\u0151 be.<\/p>\n<p><strong>A p\u00e1ly\u00e1zat beny\u00fajt\u00e1s\u00e1nak hat\u00e1rideje:<\/strong>\u00a02018. \u00e1prilis 12.<\/p>\n<p>A p\u00e1ly\u00e1zati ki\u00edr\u00e1ssal kapcsolatosan tov\u00e1bbi inform\u00e1ci\u00f3t Dr. Olasz Imr\u00e9n\u00e9 dr. jegyz\u0151 ny\u00fajt, a 68\/490-331 -os telefonsz\u00e1mon.<\/p>\n<p><strong>A p\u00e1ly\u00e1zatok beny\u00fajt\u00e1s\u00e1nak m\u00f3dja:<\/strong><\/p>\n<p>\u0095 Postai \u00faton, a p\u00e1ly\u00e1zatnak a G\u00e1doros Nagyk\u00f6zs\u00e9g \u00d6nkorm\u00e1nyzat\u00e1nak K\u00e9pvisel\u0151-test\u00fclete c\u00edm\u00e9re t\u00f6rt\u00e9n\u0151 megk\u00fcld\u00e9s\u00e9vel (5932 G\u00e1doros, Kossuth Lajos utca 16. ). K\u00e9rj\u00fck a bor\u00edt\u00e9kon felt\u00fcntetni a p\u00e1ly\u00e1zati adatb\u00e1zisban szerepl\u0151 azonos\u00edt\u00f3 sz\u00e1mot: 934-1\/2018 , valamint a munkak\u00f6r megnevez\u00e9s\u00e9t: Gondoz\u00e1si K\u00f6zpont vezet\u0151.<\/p>\n<p><strong>A p\u00e1ly\u00e1zat elb\u00edr\u00e1l\u00e1s\u00e1nak m\u00f3dja, rendje:<\/strong><\/p>\n<p>A p\u00e1ly\u00e1zatokat a p\u00e1ly\u00e1zat el\u0151k\u00e9sz\u00edt\u0151je \u00e1ltal esetenk\u00e9nt \u00f6sszeh\u00edvott bizotts\u00e1g v\u00e9lem\u00e9nyezi, majd a p\u00e1ly\u00e1zatokr\u00f3l G\u00e1doros Nagyk\u00f6zs\u00e9g \u00d6nkorm\u00e1nyzat\u00e1nak K\u00e9pvisel\u0151-test\u00fclete d\u00f6nt.<\/p>\n<p><strong>A p\u00e1ly\u00e1zat elb\u00edr\u00e1l\u00e1s\u00e1nak hat\u00e1rideje:<\/strong>\u00a02018. \u00e1prilis 24.<\/p>\n<p><strong>A munk\u00e1ltat\u00f3val kapcsolatos egy\u00e9b l\u00e9nyeges inform\u00e1ci\u00f3:<br \/>\n<\/strong>A p\u00e1ly\u00e1ztat\u00f3 fenntartja mag\u00e1nak azt a jogot, hogy a p\u00e1ly\u00e1zati elj\u00e1r\u00e1st sikertelennek nyilv\u00e1n\u00edtsa.<\/p>\n","protected":false},"excerpt":{"rendered":"<p>G\u00e1doros Nagyk\u00f6zs\u00e9g \u00d6nkorm\u00e1nyzat\u00e1nak K\u00e9pvisel\u0151-test\u00fclete a &#8222;K\u00f6zalkalmazottak jog\u00e1ll\u00e1s\u00e1r\u00f3l sz\u00f3l\u00f3&#8221; 1992. \u00e9vi XXXIII. t\u00f6rv\u00e9ny 20\/A. \u00a7 alapj\u00e1n p\u00e1ly\u00e1zatot hirdet G\u00e1doros Nagyk\u00f6zs\u00e9g \u00d6nkorm\u00e1nyzat\u00e1nak K\u00e9pvisel\u0151-test\u00fclete Gondoz\u00e1si K\u00f6zpont vezet\u0151\u00a0(magasabb vezet\u0151) munkak\u00f6r bet\u00f6lt\u00e9s\u00e9re. A k\u00f6zalkalmazotti jogviszony id\u0151tartama: Hat\u00e1rozatlan idej\u0171 k\u00f6zalkalmazotti jogviszony, az int\u00e9zm\u00e9nyn\u00e9l \u00fajonnan l\u00e9tes\u00edtett jogyviszony eset\u00e9n &#8211; a k\u00f6zalkalmazottak jog\u00e1ll\u00e1s\u00e1r\u00f3l sz\u00f3l\u00f3 1992. \u00e9vi XXXIII. tv. (Kjt.) 21\/A. \u00a7 (4) bekezd\u00e9s\u00e9ben [&hellip;]<\/p>\n","protected":false},"author":1,"featured_media":0,"comment_status":"closed","ping_status":"closed","template":"","tags":[],"blog-category":[28],"_links":{"self":[{"href":"http:\/\/gadoros.hu\/index.php?rest_route=\/wp\/v2\/blog_post\/1057"}],"collection":[{"href":"http:\/\/gadoros.hu\/index.php?rest_route=\/wp\/v2\/blog_post"}],"about":[{"href":"http:\/\/gadoros.hu\/index.php?rest_route=\/wp\/v2\/types\/blog_post"}],"author":[{"embeddable":true,"href":"http:\/\/gadoros.hu\/index.php?rest_route=\/wp\/v2\/users\/1"}],"replies":[{"embeddable":true,"href":"http:\/\/gadoros.hu\/index.php?rest_route=%2Fwp%2Fv2%2Fcomments&post=1057"}],"wp:attachment":[{"href":"http:\/\/gadoros.hu\/index.php?rest_route=%2Fwp%2Fv2%2Fmedia&parent=1057"}],"wp:term":[{"taxonomy":"post_tag","embeddable":true,"href":"http:\/\/gadoros.hu\/index.php?rest_route=%2Fwp%2Fv2%2Ftags&post=1057"},{"taxonomy":"blog-category","embeddable":true,"href":"http:\/\/gadoros.hu\/index.php?rest_route=%2Fwp%2Fv2%2Fblog-category&post=1057"}],"curies":[{"name":"wp","href":"https:\/\/api.w.org\/{rel}","templated":true}]}}