{"id":1052,"date":"2018-03-01T10:27:18","date_gmt":"2018-03-01T10:27:18","guid":{"rendered":"http:\/\/www.gadoros.hu\/?post_type=blog_post&#038;p=1052"},"modified":"2018-03-01T10:28:12","modified_gmt":"2018-03-01T10:28:12","slug":"1052","status":"publish","type":"blog_post","link":"http:\/\/gadoros.hu\/?blog_post=1052","title":{"rendered":""},"content":{"rendered":"<p style=\"text-align: center;\"><strong>NEMZETI \u00dcNNEP\u00dcNK <\/strong><strong>M\u00c1RCIUS 15.<br \/>\n<\/strong>ALKALM\u00c1B\u00d3L<\/p>\n<p style=\"text-align: center;\"><strong>G\u00e1doros Nagyk\u00f6zs\u00e9g \u00d6nkorm\u00e1nyzata 2018 <\/strong><strong>M\u00c1RCIUS 14-\u00c9N 17 \u00d3RAKOR<br \/>\nMEGEML\u00c9KEZ\u00c9ST TART<\/strong><\/p>\n<p style=\"text-align: center;\">a Dr. Hidasi L\u00e1szl\u00f3 parkban az 1848-49-es eml\u00e9km\u0171n\u00e9l (G\u00e1dor-eml\u00e9km\u0171)<br \/>\nMELYRE TISZTELETTEL MEGH\u00cdVJA\u00a0G\u00c1DOROS LAKOSS\u00c1G\u00c1T<\/p>\n<p style=\"text-align: center;\">\u00dcNNEPI BESZ\u00c9DET MOND:<br \/>\n<strong>MARONKA LAJOS POLG\u00c1RMESTER<\/strong><\/p>\n<p style=\"text-align: center;\">A M\u0170SORBAN K\u00d6ZREM\u0170K\u00d6DIK:<\/p>\n<p style=\"text-align: center;\"><em>KISBOLDOGASSZONY KATOLIKUS <\/em><em>\u00c1LTAL\u00c1NOS ISKOLA 7. \u00c9VFOLYAMOS TANUL\u00d3I<br \/>\nKISSN\u00c9 HORV\u00c1TH HAJNALKA <\/em><em>\u00c9S <\/em><em>GERA GY\u00d6NGYI VEZET\u00c9S\u00c9VEL<\/em><\/p>\n<p style=\"text-align: center;\"><strong>MINDENKIT TISZTELETTEL V\u00c1RUNK!<\/strong><\/p>\n","protected":false},"excerpt":{"rendered":"<p>NEMZETI \u00dcNNEP\u00dcNK M\u00c1RCIUS 15. ALKALM\u00c1B\u00d3L G\u00e1doros Nagyk\u00f6zs\u00e9g \u00d6nkorm\u00e1nyzata 2018 M\u00c1RCIUS 14-\u00c9N 17 \u00d3RAKOR MEGEML\u00c9KEZ\u00c9ST TART a Dr. Hidasi L\u00e1szl\u00f3 parkban az 1848-49-es eml\u00e9km\u0171n\u00e9l (G\u00e1dor-eml\u00e9km\u0171) MELYRE TISZTELETTEL MEGH\u00cdVJA\u00a0G\u00c1DOROS LAKOSS\u00c1G\u00c1T \u00dcNNEPI BESZ\u00c9DET MOND: MARONKA LAJOS POLG\u00c1RMESTER A M\u0170SORBAN K\u00d6ZREM\u0170K\u00d6DIK: KISBOLDOGASSZONY KATOLIKUS \u00c1LTAL\u00c1NOS ISKOLA 7. \u00c9VFOLYAMOS TANUL\u00d3I KISSN\u00c9 HORV\u00c1TH HAJNALKA \u00c9S GERA GY\u00d6NGYI VEZET\u00c9S\u00c9VEL MINDENKIT TISZTELETTEL V\u00c1RUNK!<\/p>\n","protected":false},"author":1,"featured_media":0,"comment_status":"closed","ping_status":"closed","template":"","tags":[],"blog-category":[28],"_links":{"self":[{"href":"http:\/\/gadoros.hu\/index.php?rest_route=\/wp\/v2\/blog_post\/1052"}],"collection":[{"href":"http:\/\/gadoros.hu\/index.php?rest_route=\/wp\/v2\/blog_post"}],"about":[{"href":"http:\/\/gadoros.hu\/index.php?rest_route=\/wp\/v2\/types\/blog_post"}],"author":[{"embeddable":true,"href":"http:\/\/gadoros.hu\/index.php?rest_route=\/wp\/v2\/users\/1"}],"replies":[{"embeddable":true,"href":"http:\/\/gadoros.hu\/index.php?rest_route=%2Fwp%2Fv2%2Fcomments&post=1052"}],"wp:attachment":[{"href":"http:\/\/gadoros.hu\/index.php?rest_route=%2Fwp%2Fv2%2Fmedia&parent=1052"}],"wp:term":[{"taxonomy":"post_tag","embeddable":true,"href":"http:\/\/gadoros.hu\/index.php?rest_route=%2Fwp%2Fv2%2Ftags&post=1052"},{"taxonomy":"blog-category","embeddable":true,"href":"http:\/\/gadoros.hu\/index.php?rest_route=%2Fwp%2Fv2%2Fblog-category&post=1052"}],"curies":[{"name":"wp","href":"https:\/\/api.w.org\/{rel}","templated":true}]}}