{"id":1042,"date":"2018-02-23T11:44:53","date_gmt":"2018-02-23T11:44:53","guid":{"rendered":"http:\/\/www.gadoros.hu\/?post_type=blog_post&#038;p=1042"},"modified":"2018-02-23T11:46:31","modified_gmt":"2018-02-23T11:46:31","slug":"1042","status":"publish","type":"blog_post","link":"http:\/\/gadoros.hu\/?blog_post=1042","title":{"rendered":""},"content":{"rendered":"<p><strong>G\u00e1doros Nagyk\u00f6zs\u00e9g Polg\u00e1rmestere<br \/>\n<\/strong><strong>5932 G\u00e1doros, Kossuth u. 16.<br \/>\nTelefon: 68\/490-001<\/strong><\/p>\n<h1 style=\"text-align: center;\">M E G H \u00cd V \u00d3<\/h1>\n<p style=\"text-align: center;\">G\u00e1doros Nagyk\u00f6zs\u00e9gi \u00d6nkorm\u00e1nyzat K\u00e9pvisel\u0151-test\u00fclete rendes \u00fcl\u00e9s\u00e9t<\/p>\n<p style=\"text-align: center;\"><strong><u>2018. febru\u00e1r 27-\u00e9n (kedd) 14<sup>00<\/sup> \u00f3rai<\/u><\/strong><\/p>\n<p style=\"text-align: center;\">kezdettel tartja a K\u00f6zs\u00e9gh\u00e1za tan\u00e1cskoz\u00f3 term\u00e9ben, melyre tisztelettel<br \/>\n<strong>megh\u00edvom.<\/strong><!--more--><\/p>\n<p>&nbsp;<\/p>\n<p><strong><u>Nyilv\u00e1nos \u00fcl\u00e9s keret\u00e9ben:<\/u><\/strong><\/p>\n<ol>\n<li>2018. \u00e9vi k\u00f6lts\u00e9gvet\u00e9si rendelet tervezet megvitat\u00e1sa<br \/>\n<strong>El\u0151ad\u00f3<\/strong>: Maronka Lajos polg\u00e1rmester<\/li>\n<li>T\u00e1j\u00e9koztat\u00f3 b\u00f6lcs\u0151de kialak\u00edt\u00e1s\u00e1r\u00f3l<br \/>\n<strong>El\u0151ad\u00f3<\/strong>: Maronka Lajos polg\u00e1rmester<\/li>\n<li>Id\u0151sek Otthona Szakmai programj\u00e1nak \u00e9s f\u00e9r\u0151hely b\u0151v\u00edt\u00e9s\u00e9nek m\u00f3dos\u00edt\u00e1sa<br \/>\n<strong>El\u0151ad\u00f3<\/strong>: Kerekes J\u00f3zsefn\u00e9 Gondoz\u00e1si K\u00f6zpont int\u00e9zm\u00e9nyvezet\u0151je<\/li>\n<li>T\u00e1j\u00e9koztat\u00e1s a Napk\u00f6zi Otthonos \u00d3voda el\u0151tti parkol\u00f3r\u00f3l<br \/>\n<strong>El\u0151ad\u00f3<\/strong>: Maronka Lajos polg\u00e1rmester<\/li>\n<li>Orosh\u00e1za Ment\u0151\u00e1llom\u00e1s t\u00e1mogat\u00e1si k\u00e9relme<br \/>\n<strong>El\u0151ad\u00f3<\/strong>: Maronka Lajos polg\u00e1rmester<\/li>\n<li>Bejelent\u00e9sek<\/li>\n<\/ol>\n<p><strong>Valamennyi napirendi ponthoz megh\u00edvottak:<\/strong><\/p>\n<p>Maronka Lajos polg\u00e1rmester, Dr. Kishonti Andr\u00e1s alpolg\u00e1rmester, Bencsik S\u00e1ndorn\u00e9, Cseresny\u00e9s K\u00e1rolyn\u00e9, F\u00e1bri Istv\u00e1n, Palai J\u00f3zsef \u00e9s Varga Zsolt telep\u00fcl\u00e9si k\u00e9pvisel\u0151k.<\/p>\n<p>B\u00e9k\u00e9s Megyei Korm\u00e1nyhivatal, Korm\u00e1nymegb\u00edzott<\/p>\n<p>&nbsp;<\/p>\n<p>Dr. Olasz Imr\u00e9n\u00e9 dr. jegyz\u0151<br \/>\nT\u00f3th Tibor igazgat\u00e1si csoportvezet\u0151<br \/>\nLibor Zsoltn\u00e9 p\u00e9nz\u00fcgyi csoportvezet\u0151<\/p>\n<p>&nbsp;<\/p>\n<p>Prozlik M\u00e1rta Napk\u00f6zi Otthonos \u00d3voda int\u00e9zm\u00e9nyvezet\u0151je<br \/>\nSebesty\u00e9n L\u00e1szl\u00f3n\u00e9 Justh Zsigmond M\u0171vel\u0151d\u00e9si H\u00e1z \u00e9s K\u00f6nyvt\u00e1r int\u00e9zm\u00e9nyvezet\u0151je<br \/>\nKerekes J\u00f3zsefn\u00e9 Gondoz\u00e1si K\u00f6zpont int\u00e9zm\u00e9nyvezet\u0151je<br \/>\nFarkas L\u00e1szl\u00f3 Prog\u00e1dor Kft. \u00fcgyvezet\u0151 igazgat\u00f3ja<\/p>\n<p>Farkas Zita Roma Nemzetis\u00e9gi \u00d6nkorm\u00e1nyzat eln\u00f6ke<\/p>\n<p>&nbsp;<\/p>\n<p style=\"text-align: left;\">G\u00e1doros, 2018. febru\u00e1r 22.<\/p>\n<p style=\"text-align: right;\">Maronka Lajos s. k.<br \/>\npolg\u00e1rmester<\/p>\n","protected":false},"excerpt":{"rendered":"<p>G\u00e1doros Nagyk\u00f6zs\u00e9g Polg\u00e1rmestere 5932 G\u00e1doros, Kossuth u. 16. Telefon: 68\/490-001 M E G H \u00cd V \u00d3 G\u00e1doros Nagyk\u00f6zs\u00e9gi \u00d6nkorm\u00e1nyzat K\u00e9pvisel\u0151-test\u00fclete rendes \u00fcl\u00e9s\u00e9t 2018. febru\u00e1r 27-\u00e9n (kedd) 1400 \u00f3rai kezdettel tartja a K\u00f6zs\u00e9gh\u00e1za tan\u00e1cskoz\u00f3 term\u00e9ben, melyre tisztelettel megh\u00edvom.<\/p>\n","protected":false},"author":1,"featured_media":0,"comment_status":"closed","ping_status":"closed","template":"","tags":[],"blog-category":[28],"_links":{"self":[{"href":"http:\/\/gadoros.hu\/index.php?rest_route=\/wp\/v2\/blog_post\/1042"}],"collection":[{"href":"http:\/\/gadoros.hu\/index.php?rest_route=\/wp\/v2\/blog_post"}],"about":[{"href":"http:\/\/gadoros.hu\/index.php?rest_route=\/wp\/v2\/types\/blog_post"}],"author":[{"embeddable":true,"href":"http:\/\/gadoros.hu\/index.php?rest_route=\/wp\/v2\/users\/1"}],"replies":[{"embeddable":true,"href":"http:\/\/gadoros.hu\/index.php?rest_route=%2Fwp%2Fv2%2Fcomments&post=1042"}],"wp:attachment":[{"href":"http:\/\/gadoros.hu\/index.php?rest_route=%2Fwp%2Fv2%2Fmedia&parent=1042"}],"wp:term":[{"taxonomy":"post_tag","embeddable":true,"href":"http:\/\/gadoros.hu\/index.php?rest_route=%2Fwp%2Fv2%2Ftags&post=1042"},{"taxonomy":"blog-category","embeddable":true,"href":"http:\/\/gadoros.hu\/index.php?rest_route=%2Fwp%2Fv2%2Fblog-category&post=1042"}],"curies":[{"name":"wp","href":"https:\/\/api.w.org\/{rel}","templated":true}]}}