{"id":1035,"date":"2018-02-09T21:24:59","date_gmt":"2018-02-09T21:24:59","guid":{"rendered":"http:\/\/www.gadoros.hu\/?post_type=blog_post&#038;p=1035"},"modified":"2018-02-09T21:27:55","modified_gmt":"2018-02-09T21:27:55","slug":"1035","status":"publish","type":"blog_post","link":"http:\/\/gadoros.hu\/?blog_post=1035","title":{"rendered":""},"content":{"rendered":"<p class=\"western\"><span ><b>G\u00e1doros Nagyk\u00f6zs\u00e9gi \u00d6nkorm\u00e1nyzat<br \/>\n<\/b><\/span><span ><b>K\u00e9pvisel\u0151-test\u00fclet\u00e9nek P\u00e9nz\u00fcgyi \u00e9s Gazdas\u00e1gi Bizotts\u00e1ga<br \/>\n<\/b><\/span><span ><b>5932 G\u00e1doros, Kossuth u. 16.<br \/>\n<\/b><\/span><span ><u><b>Telefon: 68\/490-001<\/b><\/u><\/span><\/p>\n<p class=\"western\" align=\"center\"><span ><u><b>M E G H \u00cd V \u00d3<\/b><\/u><\/span><\/p>\n<p class=\"western\" align=\"center\"><span >G\u00e1doros Nagyk\u00f6zs\u00e9gi \u00d6nkorm\u00e1nyzat K\u00e9pvisel\u0151-test\u00fclet\u00e9nek<\/span><\/p>\n<p class=\"western\" align=\"center\"><span >P\u00e9nz\u00fcgyi \u00e9s Gazdas\u00e1gi Bizotts\u00e1ga k\u00f6vetkez\u0151 \u00fcl\u00e9s\u00e9t<\/span><\/p>\n<p class=\"western\" align=\"center\"><span ><u><b>2018. febru\u00e1r 13-\u00e1n (kedd<\/b><\/u><\/span><span style=\"color: #000000;\"><span ><u><b>) 13<\/b><\/u><\/span><\/span><u><b> <\/b><\/u><span style=\"color: #000000;\"><span ><u><b>\u00f3rai<\/b><\/u><\/span><\/span><span ><u><b> kezdettel<\/b><\/u><\/span><\/p>\n<p class=\"western\" align=\"center\"><span >tartja a K\u00f6zs\u00e9gh\u00e1za tan\u00e1cskoz\u00f3 term\u00e9ben, melyre tisztelettel<br \/>\n<\/span><span ><b>megh\u00edvom.<\/b><\/span><!--more--><\/p>\n<p class=\"western\"><u><b>Nyilv\u00e1nos \u00fcl\u00e9s keret\u00e9ben:<\/b><\/u><\/p>\n<ol>\n<li>\n<p class=\"western\" align=\"justify\">G\u00e1doros Nagyk\u00f6zs\u00e9gi \u00d6nkorm\u00e1nyzat K\u00e9pvisel\u0151-test\u00fclet \u00e9s Szervei Szervezeti \u00e9s M\u0171k\u00f6d\u00e9si Szab\u00e1lyzat\u00e1r\u00f3l sz\u00f3l\u00f3 rendelet m\u00f3dos\u00edt\u00e1sa<\/p>\n<\/li>\n<\/ol>\n<ol start=\"2\">\n<li>\n<p class=\"western\" align=\"justify\">A 2018. \u00e9vi igazgat\u00e1si sz\u00fcnet elrendel\u00e9s\u00e9r\u0151l, valamint a 2018. \u00e9vi munkasz\u00fcneti napok k\u00f6r\u00fcli \u00fcgyf\u00e9lfogad\u00e1si rendr\u0151l rendelet megvitat\u00e1sa<\/p>\n<\/li>\n<\/ol>\n<ol start=\"3\">\n<li>\n<p class=\"western\" align=\"justify\">2018. \u00e9vi k\u00f6lts\u00e9gvet\u00e9si rendelet tervezet megvitat\u00e1sa<\/p>\n<\/li>\n<\/ol>\n<p class=\"western\" align=\"justify\">T\u00e1j\u00e9koztat\u00f3 az \u00f6nkorm\u00e1nyzat ad\u00f3ss\u00e1got keletkeztet\u0151 \u00fcgyleteib\u0151l ered\u0151 fizet\u00e9si k\u00f6telezetts\u00e9geir\u0151l a k\u00f6vetkez\u0151 h\u00e1rom \u00e9vre<\/p>\n<ol start=\"4\">\n<li>\n<p class=\"western\" align=\"justify\">Prog\u00e1dor Alap\u00edt\u00f3 Okirat m\u00f3dos\u00edt\u00e1sa<\/p>\n<\/li>\n<\/ol>\n<ol start=\"5\">\n<li>\n<p class=\"western\" align=\"justify\">Alap\u00edt\u00f3 Okiratok m\u00f3dos\u00edt\u00e1sa<\/p>\n<\/li>\n<\/ol>\n<ol start=\"6\">\n<li>\n<p class=\"western\" align=\"justify\">T\u00e1mogatott civil szervezetek elsz\u00e1mol\u00e1s\u00e1r\u00f3l t\u00e1j\u00e9koztat\u00e1s<\/p>\n<\/li>\n<\/ol>\n<ol start=\"7\">\n<li>\n<p class=\"western\" align=\"justify\">Prog\u00e1dor Kft. 2018. \u00e9vi \u00fczleti terv\u00e9nek elfogad\u00e1sa<\/p>\n<\/li>\n<\/ol>\n<ol start=\"8\">\n<li>\n<p class=\"western\" align=\"justify\">Telep\u00fcl\u00e9si \u00d6nkorm\u00e1nyzatok Orsz\u00e1gos Sz\u00f6vets\u00e9ge tagd\u00edj\u00e1nak v\u00e1ltoz\u00e1sa<\/p>\n<\/li>\n<\/ol>\n<ol start=\"9\">\n<li>\n<p class=\"western\" align=\"justify\">Napk\u00f6zi Otthonos \u00d3voda 2018-2023. id\u0151szakra sz\u00f3l\u00f3 tov\u00e1bbk\u00e9pz\u00e9si programja<\/p>\n<\/li>\n<\/ol>\n<ol start=\"10\">\n<li>\n<p class=\"western\" align=\"justify\">Csal\u00e1dseg\u00edt\u0151 Szolg\u00e1lat kr\u00edziskerete<\/p>\n<\/li>\n<\/ol>\n<ol start=\"11\">\n<li>\n<p class=\"western\" align=\"justify\">K\u00f6ztemet\u00e9st v\u00e9gz\u0151 temetkez\u00e9si v\u00e1llalat kiv\u00e1laszt\u00e1sa<\/p>\n<\/li>\n<\/ol>\n<ol start=\"12\">\n<li>\n<p class=\"western\" align=\"justify\">Bejelent\u00e9sek:<\/p>\n<\/li>\n<\/ol>\n<p class=\"western\" style=\"padding-left: 30px;\">1.) \u00dcveges Katalin-f\u00e9le focitorna el\u0151zetes k\u00f6lts\u00e9gvet\u00e9se<br \/>\n2.) T\u00e1j\u00e9koztat\u00e1s G\u00e1doros Nagyk\u00f6zs\u00e9gi \u00d6nkorm\u00e1nyzat 2017. \u00e9vben saj\u00e1t \u00f6ner\u0151b\u0151l v\u00e1s\u00e1rolt t\u00fczel\u0151anyagr\u00f3l<br \/>\n3.) B\u00f6lcs\u0151dei f\u00e9r\u0151helyek kialak\u00edt\u00e1s\u00e1ra p\u00e1ly\u00e1z\u00f3 kiv\u00e1laszt\u00e1sa<\/p>\n<p><b>A napirendi pontokhoz megh\u00edvva:<\/b><\/p>\n<p class=\"western\" align=\"justify\">Cseresny\u00e9s K\u00e1rolyn\u00e9 eln\u00f6k, F\u00e1bri Istv\u00e1n, Varga Zsolt, Koll\u00e1r Szilvia \u00e9s Palai J\u00f3zsef bizotts\u00e1gi tagok, Maronka Lajos polg\u00e1rmester, Dr. Kishonti Andr\u00e1s alpolg\u00e1rmester, Bencsik S\u00e1ndorn\u00e9 telep\u00fcl\u00e9si k\u00e9pvisel\u0151, Dr. Olasz Imr\u00e9n\u00e9 dr. jegyz\u0151, T\u00f3th Tibor igazgat\u00e1si csoportvezet\u0151, Libor Zsoltn\u00e9 p\u00e9nz\u00fcgyi csoportvezet\u0151<\/p>\n<p class=\"western\" align=\"justify\">5. napirendi ponthoz megh\u00edvva: Sebesty\u00e9n L\u00e1szl\u00f3n\u00e9 M\u0171vel\u0151d\u00e9si H\u00e1z int\u00e9zm\u00e9nyvezet\u0151je,<br \/>\nProzlik M\u00e1rta Napk\u00f6zi Otthonos \u00d3voda int\u00e9zm\u00e9nyvezet\u0151je<\/p>\n<p class=\"western\" align=\"justify\">4. \u00e9s 7. napirendi ponthoz megh\u00edvva: Farkas L\u00e1szl\u00f3 Prog\u00e1dor Kft. \u00fcgyvezet\u0151je<\/p>\n<p class=\"western\">G\u00e1doros, 2018. febru\u00e1r 9.<\/p>\n<p class=\"western\" align=\"center\">Cseresny\u00e9s K\u00e1rolyn\u00e9 s. k.<br \/>\nP\u00e9nz\u00fcgyi \u00e9s Gazdas\u00e1gi Bizotts\u00e1g eln\u00f6ke<\/p>\n","protected":false},"excerpt":{"rendered":"<p>G\u00e1doros Nagyk\u00f6zs\u00e9gi \u00d6nkorm\u00e1nyzat K\u00e9pvisel\u0151-test\u00fclet\u00e9nek P\u00e9nz\u00fcgyi \u00e9s Gazdas\u00e1gi Bizotts\u00e1ga 5932 G\u00e1doros, Kossuth u. 16. Telefon: 68\/490-001 M E G H \u00cd V \u00d3 G\u00e1doros Nagyk\u00f6zs\u00e9gi \u00d6nkorm\u00e1nyzat K\u00e9pvisel\u0151-test\u00fclet\u00e9nek P\u00e9nz\u00fcgyi \u00e9s Gazdas\u00e1gi Bizotts\u00e1ga k\u00f6vetkez\u0151 \u00fcl\u00e9s\u00e9t 2018. febru\u00e1r 13-\u00e1n (kedd) 13 \u00f3rai kezdettel tartja a K\u00f6zs\u00e9gh\u00e1za tan\u00e1cskoz\u00f3 term\u00e9ben, melyre tisztelettel megh\u00edvom.<\/p>\n","protected":false},"author":1,"featured_media":0,"comment_status":"closed","ping_status":"closed","template":"","tags":[],"blog-category":[28],"_links":{"self":[{"href":"http:\/\/gadoros.hu\/index.php?rest_route=\/wp\/v2\/blog_post\/1035"}],"collection":[{"href":"http:\/\/gadoros.hu\/index.php?rest_route=\/wp\/v2\/blog_post"}],"about":[{"href":"http:\/\/gadoros.hu\/index.php?rest_route=\/wp\/v2\/types\/blog_post"}],"author":[{"embeddable":true,"href":"http:\/\/gadoros.hu\/index.php?rest_route=\/wp\/v2\/users\/1"}],"replies":[{"embeddable":true,"href":"http:\/\/gadoros.hu\/index.php?rest_route=%2Fwp%2Fv2%2Fcomments&post=1035"}],"wp:attachment":[{"href":"http:\/\/gadoros.hu\/index.php?rest_route=%2Fwp%2Fv2%2Fmedia&parent=1035"}],"wp:term":[{"taxonomy":"post_tag","embeddable":true,"href":"http:\/\/gadoros.hu\/index.php?rest_route=%2Fwp%2Fv2%2Ftags&post=1035"},{"taxonomy":"blog-category","embeddable":true,"href":"http:\/\/gadoros.hu\/index.php?rest_route=%2Fwp%2Fv2%2Fblog-category&post=1035"}],"curies":[{"name":"wp","href":"https:\/\/api.w.org\/{rel}","templated":true}]}}