{"id":1003,"date":"2018-01-22T07:58:38","date_gmt":"2018-01-22T07:58:38","guid":{"rendered":"http:\/\/www.gadoros.hu\/?post_type=blog_post&#038;p=1003"},"modified":"2018-01-22T08:00:27","modified_gmt":"2018-01-22T08:00:27","slug":"1003","status":"publish","type":"blog_post","link":"http:\/\/gadoros.hu\/?blog_post=1003","title":{"rendered":""},"content":{"rendered":"<p><strong>G\u00e1doros Nagyk\u00f6zs\u00e9g Polg\u00e1rmestere<\/strong><br \/>\n<strong> 5932 G\u00e1doros, Kossuth u. 16.<br \/>\nTelefon: 68\/490-001<\/strong><\/p>\n<p style=\"text-align: center;\"><strong>\u00a0<\/strong><strong>\u00a0<\/strong><strong>M E G H \u00cd V \u00d3<\/strong><\/p>\n<p style=\"text-align: center;\">A 175\/2017. (XI. 21.) KT. sz\u00e1m\u00fa hat\u00e1rozat alapj\u00e1n a K\u00e9pvisel\u0151-test\u00fclet a K\u00f6zmeghallgat\u00e1st<br \/>\n<strong><u>2018.janu\u00e1r 29-\u00e9n (h\u00e9tf\u0151n) 17 \u00f3r\u00e1ra t\u0171zte ki,<\/u><\/strong><\/p>\n<p style=\"text-align: center;\">melyre tisztelettel<\/p>\n<p style=\"text-align: center;\"><strong>m e g h \u00ed v o m.<\/strong><\/p>\n<p style=\"text-align: center;\"><strong><u>K\u00f6zmeghallgat\u00e1s helye<\/u>: G\u00e1doros, Kossuth u. 42. sz\u00e1m alatti K\u00f6z\u00f6ss\u00e9gi H\u00e1z.<\/strong><\/p>\n<p><!--more--><\/p>\n<p><strong>Napirend:<\/strong><\/p>\n<p><strong>\u00a0<\/strong><\/p>\n<ol>\n<li>T\u00e1j\u00e9koztat\u00f3 a 2017. \u00e9vi k\u00f6lts\u00e9gvet\u00e9s v\u00e9grehajt\u00e1s\u00e1r\u00f3l<br \/>\nEl\u0151ad\u00f3: Maronka Lajos polg\u00e1rmester<\/li>\n<li>T\u00e1j\u00e9koztat\u00f3 a 2018. \u00e9vi k\u00f6lts\u00e9gvet\u00e9si javaslatokr\u00f3l<br \/>\nEl\u0151ad\u00f3: Maronka Lajos polg\u00e1rmester<\/li>\n<\/ol>\n<p><strong>Napirendi ponthoz megh\u00edvottak:<\/strong><\/p>\n<p><strong>\u00a0<\/strong>Maronka Lajos polg\u00e1rmester, Dr. Kishonti Andr\u00e1s alpolg\u00e1rmester, Bencsik S\u00e1ndorn\u00e9, Cseresny\u00e9s K\u00e1rolyn\u00e9, F\u00e1bri Istv\u00e1n, Palai J\u00f3zsef \u00e9s Varga Zsolt telep\u00fcl\u00e9si k\u00e9pvisel\u0151k.<\/p>\n<p><strong>Valamennyi napirendi ponthoz megh\u00edvottak:<\/strong><\/p>\n<p><strong>\u00a0<\/strong>Dr. Olasz Imr\u00e9n\u00e9 dr. jegyz\u0151<br \/>\nT\u00f3th Tibor igazgat\u00e1si csoportvezet\u0151<br \/>\nLibor Zsoltn\u00e9 p\u00e9nz\u00fcgyi csoportvezet\u0151<\/p>\n<p>G\u00e1doros, 2018. janu\u00e1r 18.<\/p>\n<p style=\"text-align: right;\">Maronka Lajos s. k.<br \/>\npolg\u00e1rmester<\/p>\n","protected":false},"excerpt":{"rendered":"<p>G\u00e1doros Nagyk\u00f6zs\u00e9g Polg\u00e1rmestere 5932 G\u00e1doros, Kossuth u. 16. Telefon: 68\/490-001 \u00a0\u00a0M E G H \u00cd V \u00d3 A 175\/2017. (XI. 21.) KT. sz\u00e1m\u00fa hat\u00e1rozat alapj\u00e1n a K\u00e9pvisel\u0151-test\u00fclet a K\u00f6zmeghallgat\u00e1st 2018.janu\u00e1r 29-\u00e9n (h\u00e9tf\u0151n) 17 \u00f3r\u00e1ra t\u0171zte ki, melyre tisztelettel m e g h \u00ed v o m. K\u00f6zmeghallgat\u00e1s helye: G\u00e1doros, Kossuth u. 42. sz\u00e1m alatti K\u00f6z\u00f6ss\u00e9gi [&hellip;]<\/p>\n","protected":false},"author":1,"featured_media":0,"comment_status":"closed","ping_status":"closed","template":"","tags":[],"blog-category":[28],"_links":{"self":[{"href":"http:\/\/gadoros.hu\/index.php?rest_route=\/wp\/v2\/blog_post\/1003"}],"collection":[{"href":"http:\/\/gadoros.hu\/index.php?rest_route=\/wp\/v2\/blog_post"}],"about":[{"href":"http:\/\/gadoros.hu\/index.php?rest_route=\/wp\/v2\/types\/blog_post"}],"author":[{"embeddable":true,"href":"http:\/\/gadoros.hu\/index.php?rest_route=\/wp\/v2\/users\/1"}],"replies":[{"embeddable":true,"href":"http:\/\/gadoros.hu\/index.php?rest_route=%2Fwp%2Fv2%2Fcomments&post=1003"}],"wp:attachment":[{"href":"http:\/\/gadoros.hu\/index.php?rest_route=%2Fwp%2Fv2%2Fmedia&parent=1003"}],"wp:term":[{"taxonomy":"post_tag","embeddable":true,"href":"http:\/\/gadoros.hu\/index.php?rest_route=%2Fwp%2Fv2%2Ftags&post=1003"},{"taxonomy":"blog-category","embeddable":true,"href":"http:\/\/gadoros.hu\/index.php?rest_route=%2Fwp%2Fv2%2Fblog-category&post=1003"}],"curies":[{"name":"wp","href":"https:\/\/api.w.org\/{rel}","templated":true}]}}